{"id":2692,"date":"2012-08-06T13:11:14","date_gmt":"2012-08-06T17:11:14","guid":{"rendered":"http:\/\/www.radiochiloe.cl\/?p=2692"},"modified":"2012-08-06T13:11:14","modified_gmt":"2012-08-06T17:11:14","slug":"ministra-matthei-visita-chiloe-y-refuerza-dialogo-para-mejorar-condiciones-laborales","status":"publish","type":"post","link":"https:\/\/www.radiochiloe.cl\/?p=2692","title":{"rendered":"Ministra Matthei visita Chilo\u00e9 y refuerza di\u00e1logo para mejorar condiciones laborales."},"content":{"rendered":"<p style=\"text-align: justify;\">De visita en la isla de Chilo\u00e9, la ministra del Trabajo y Previsi\u00f3n Social, Evelyn Matthei, se reuni\u00f3 con un amplio grupo de dirigentes sindicales del sector salmonero de la regi\u00f3n de Los Lagos, y con el presidente del Senado, Camilo Escalona, con el objeto de dialogar y mejorar las condiciones laborales en la industria, que se recupera de la crisis del virus ISA.<\/p>\n<p style=\"text-align: justify;\">La ministra Matthei lleg\u00f3 acompa\u00f1ada por la directora del Trabajo, Mar\u00eda Cecilia S\u00e1nchez; y por la superintendenta de Seguridad Social, Mar\u00eda Jos\u00e9 Zald\u00edvar.<\/p>\n<p style=\"text-align: justify;\">\u00abQuiero se\u00f1alar que para nosotros, como gobierno, la primera condici\u00f3n para que haya dignidad laboral, para que el trabajador se atreva a denunciar los abusos, es que haya empleo, y ojal\u00e1 pleno empleo, porque as\u00ed el trabajador no siente temor. En ese sentido, Los Lagos es un modelo para el pa\u00eds, con una cesant\u00eda de s\u00f3lo 3,4%, mientras que hace 3 a\u00f1os, el desempleo llegaba casi al 10%\u00bb, dijo la secretaria de Estado.<\/p>\n<p style=\"text-align: justify;\">Esta fuerte reducci\u00f3n del desempleo, dijo Matthei, se da en un contexto en que la fuerza de trabajo ha crecido casi 7% en Los Lagos, frente al 0,7% del promedio nacional, lo que refleja que pese a que mucha gente busca empleo, la tasa de desocupaci\u00f3n est\u00e1 en franco descenso.<\/p>\n<p style=\"text-align: justify;\">\u00abEs muy importante para nosotros que esta recuperaci\u00f3n del empleo venga acompa\u00f1ada por buenas condiciones de seguridad y salud, y buenas remuneraciones, y por eso he venido hasta ac\u00e1 con la directora del Trabajo y con la superintendenta de Seguridad Social, para establecer un nexo, un di\u00e1logo, que permita seguir mejorando las condiciones de los trabajadores\u00bb, sostuvo Matthei.<\/p>\n<p style=\"text-align: justify;\">Prueba de estas mejoras, ejemplific\u00f3 la autoridad, son las \u00faltimas negociaciones colectivas del sector salmonero, que han cerrado con incrementos salariales del m\u00e1s del 10%.<\/p>\n<p style=\"text-align: justify;\">La ministra Matthei tambi\u00e9n se reuni\u00f3 con dirigentes sindicales en la ciudad de Osorno, donde la cesant\u00eda es mucho m\u00e1s alta que en Puerto Montt y Chilo\u00e9.<\/p>\n<p style=\"text-align: justify;\">All\u00ed, la secretaria de Estado sostuvo que el gobierno est\u00e1 impulsando una fuerte renovaci\u00f3n de la oferta de capacitaci\u00f3n, para permitir que la gente que busca empleo pueda moverse a zonas donde existe pleno empleo, con las competencias necesarias para encontrar un puesto laboral de calidad.<\/p>\n<p style=\"text-align: justify;\">Departamento de Prensa.<\/p>\n","protected":false},"excerpt":{"rendered":"<p>De visita en la isla de Chilo\u00e9, la ministra del Trabajo y Previsi\u00f3n Social, Evelyn Matthei, se reuni\u00f3 con un amplio grupo de dirigentes sindicales del sector salmonero de la regi\u00f3n de Los Lagos, y con el presidente del Senado, Camilo Escalona, con el objeto de dialogar y mejorar las condiciones laborales en la industria, [&hellip;]<\/p>\n","protected":false},"author":2,"featured_media":2693,"comment_status":"open","ping_status":"open","sticky":false,"template":"","format":"standard","meta":[],"categories":[3],"tags":[5],"jetpack_featured_media_url":"https:\/\/www.radiochiloe.cl\/wp-content\/uploads\/2012\/08\/ministra-chiloe.jpg","_links":{"self":[{"href":"https:\/\/www.radiochiloe.cl\/index.php?rest_route=\/wp\/v2\/posts\/2692"}],"collection":[{"href":"https:\/\/www.radiochiloe.cl\/index.php?rest_route=\/wp\/v2\/posts"}],"about":[{"href":"https:\/\/www.radiochiloe.cl\/index.php?rest_route=\/wp\/v2\/types\/post"}],"author":[{"embeddable":true,"href":"https:\/\/www.radiochiloe.cl\/index.php?rest_route=\/wp\/v2\/users\/2"}],"replies":[{"embeddable":true,"href":"https:\/\/www.radiochiloe.cl\/index.php?rest_route=%2Fwp%2Fv2%2Fcomments&post=2692"}],"version-history":[{"count":2,"href":"https:\/\/www.radiochiloe.cl\/index.php?rest_route=\/wp\/v2\/posts\/2692\/revisions"}],"predecessor-version":[{"id":2695,"href":"https:\/\/www.radiochiloe.cl\/index.php?rest_route=\/wp\/v2\/posts\/2692\/revisions\/2695"}],"wp:featuredmedia":[{"embeddable":true,"href":"https:\/\/www.radiochiloe.cl\/index.php?rest_route=\/wp\/v2\/media\/2693"}],"wp:attachment":[{"href":"https:\/\/www.radiochiloe.cl\/index.php?rest_route=%2Fwp%2Fv2%2Fmedia&parent=2692"}],"wp:term":[{"taxonomy":"category","embeddable":true,"href":"https:\/\/www.radiochiloe.cl\/index.php?rest_route=%2Fwp%2Fv2%2Fcategories&post=2692"},{"taxonomy":"post_tag","embeddable":true,"href":"https:\/\/www.radiochiloe.cl\/index.php?rest_route=%2Fwp%2Fv2%2Ftags&post=2692"}],"curies":[{"name":"wp","href":"https:\/\/api.w.org\/{rel}","templated":true}]}}