{"id":2696,"date":"2012-08-06T16:09:11","date_gmt":"2012-08-06T20:09:11","guid":{"rendered":"http:\/\/www.radiochiloe.cl\/?p=2696"},"modified":"2012-08-06T16:09:11","modified_gmt":"2012-08-06T20:09:11","slug":"diputado-santana-conforme-tras-conversaciones-por-nuevo-centro-de-educacion-chilote","status":"publish","type":"post","link":"https:\/\/www.radiochiloe.cl\/?p=2696","title":{"rendered":"Diputado Santana conforme tras conversaciones por nuevo centro de educaci\u00f3n chilote."},"content":{"rendered":"<p style=\"text-align: justify;\">Conforme se mostr\u00f3 el diputado por Chilo\u00e9 y Palena, Alejandro Santana, por encuentro sostenido en Castro, en torno a la posibilidad de implementar un centro de educaci\u00f3n superior en la provincia.<\/p>\n<p style=\"text-align: justify;\">El Parlamentario, se\u00f1al\u00f3 que el encuentro ha significado iniciar el proceso de conversaciones con las instituciones de educaci\u00f3n superior para llevar adelante esta iniciativa, donde el Gobierno Regional, ya ha comprometido alrededor de 2 mil 500 millones de pesos, para la infraestructura.<\/p>\n<p style=\"text-align: justify;\">El diputado Alejandro Santana agreg\u00f3 que de acuerdo al cronograma de trabajo, dentro de este mes podr\u00edan conocerse algunas propuestas, lo que significar\u00eda dentro de unos 60 d\u00edas podr\u00eda iniciarse el proceso de licitaci\u00f3n para llevar adelante esta iniciativa<\/p>\n<p style=\"text-align: justify;\">Por su parte el Intendente Regional Juan Sebastian Montes, indic\u00f3 que en el caso del proyecto de un centro de educaci\u00f3n superior para Chilo\u00e9, al menos hay 3 o 4 instituciones de educaci\u00f3n que est\u00e1n interesadas en esta iniciativa.<\/p>\n<p style=\"text-align: justify;\">Precis\u00f3 que entre las instituciones que podr\u00edan presentar propuestas se encuentran la Universidad Austral de Chile, la Universidad de los Lagos, la Universidad Cat\u00f3lica del Norte, que ha aplicado proyectos similares en las ciudades de Lebu y Lota.<\/p>\n<p style=\"text-align: justify;\">Departamento de Prensa.<\/p>\n","protected":false},"excerpt":{"rendered":"<p>Conforme se mostr\u00f3 el diputado por Chilo\u00e9 y Palena, Alejandro Santana, por encuentro sostenido en Castro, en torno a la posibilidad de implementar un centro de educaci\u00f3n superior en la provincia. El Parlamentario, se\u00f1al\u00f3 que el encuentro ha significado iniciar el proceso de conversaciones con las instituciones de educaci\u00f3n superior para llevar adelante esta iniciativa, [&hellip;]<\/p>\n","protected":false},"author":2,"featured_media":2697,"comment_status":"open","ping_status":"open","sticky":false,"template":"","format":"standard","meta":[],"categories":[3],"tags":[5],"jetpack_featured_media_url":"https:\/\/www.radiochiloe.cl\/wp-content\/uploads\/2012\/08\/diputado-santana.jpg","_links":{"self":[{"href":"https:\/\/www.radiochiloe.cl\/index.php?rest_route=\/wp\/v2\/posts\/2696"}],"collection":[{"href":"https:\/\/www.radiochiloe.cl\/index.php?rest_route=\/wp\/v2\/posts"}],"about":[{"href":"https:\/\/www.radiochiloe.cl\/index.php?rest_route=\/wp\/v2\/types\/post"}],"author":[{"embeddable":true,"href":"https:\/\/www.radiochiloe.cl\/index.php?rest_route=\/wp\/v2\/users\/2"}],"replies":[{"embeddable":true,"href":"https:\/\/www.radiochiloe.cl\/index.php?rest_route=%2Fwp%2Fv2%2Fcomments&post=2696"}],"version-history":[{"count":2,"href":"https:\/\/www.radiochiloe.cl\/index.php?rest_route=\/wp\/v2\/posts\/2696\/revisions"}],"predecessor-version":[{"id":2699,"href":"https:\/\/www.radiochiloe.cl\/index.php?rest_route=\/wp\/v2\/posts\/2696\/revisions\/2699"}],"wp:featuredmedia":[{"embeddable":true,"href":"https:\/\/www.radiochiloe.cl\/index.php?rest_route=\/wp\/v2\/media\/2697"}],"wp:attachment":[{"href":"https:\/\/www.radiochiloe.cl\/index.php?rest_route=%2Fwp%2Fv2%2Fmedia&parent=2696"}],"wp:term":[{"taxonomy":"category","embeddable":true,"href":"https:\/\/www.radiochiloe.cl\/index.php?rest_route=%2Fwp%2Fv2%2Fcategories&post=2696"},{"taxonomy":"post_tag","embeddable":true,"href":"https:\/\/www.radiochiloe.cl\/index.php?rest_route=%2Fwp%2Fv2%2Ftags&post=2696"}],"curies":[{"name":"wp","href":"https:\/\/api.w.org\/{rel}","templated":true}]}}