{"id":2711,"date":"2012-08-07T09:56:06","date_gmt":"2012-08-07T13:56:06","guid":{"rendered":"http:\/\/www.radiochiloe.cl\/?p=2711"},"modified":"2012-08-07T09:56:06","modified_gmt":"2012-08-07T13:56:06","slug":"orfeon-instrumental-de-carabineros-realizara-presentacion-en-ancud-y-castro","status":"publish","type":"post","link":"https:\/\/www.radiochiloe.cl\/?p=2711","title":{"rendered":"Orfe\u00f3n Instrumental de Carabineros realizar\u00e1 presentaci\u00f3n en Ancud y Castro"},"content":{"rendered":"<p style=\"text-align: justify;\">En el marco de una gira que realiza el Orfe\u00f3n Instrumental de Carabineros, es que este pr\u00f3ximo jueves 9 de agosto se realizaran dos presentaciones en las ciudades de Ancud y Castro.<\/p>\n<p style=\"text-align: justify;\">La iniciativa tiene como objetivo ofrecer un concierto musical dirigido a la comunidad y en especial a los j\u00f3venes que deseen postular a Carabineros de Chile.<\/p>\n<p style=\"text-align: justify;\">En esta oportunidad, el d\u00eda jueves a las 12 horas en el gimnasio de la Escuela Yerbas Buenas de Ancud se llevar\u00e1 a cabo la primera presentaci\u00f3n del Orfe\u00f3n y donde se espera una masiva asistencia de delegaciones de estudiantes, autoridades e invitados especiales, en tanto durante la misma jornada- en la ciudad de Castro a las 18 horas-, en dependencias del Centro Cultural Comunitario, ubicado en calle Serrano 320, los integrantes de esta banda musical deleitaran al p\u00fablico asistente con un amplio repertorio de su destacado trabajo.<\/p>\n<p style=\"text-align: justify;\">De esta forma se invita a la comunidad a presenciar ambas conciertos que forman parte de las actividades de Carabineros en la provincia de Chilo\u00e9.<\/p>\n<p style=\"text-align: justify;\">Departamento de Prensa<\/p>\n","protected":false},"excerpt":{"rendered":"<p>En el marco de una gira que realiza el Orfe\u00f3n Instrumental de Carabineros, es que este pr\u00f3ximo jueves 9 de agosto se realizaran dos presentaciones en las ciudades de Ancud y Castro. La iniciativa tiene como objetivo ofrecer un concierto musical dirigido a la comunidad y en especial a los j\u00f3venes que deseen postular a [&hellip;]<\/p>\n","protected":false},"author":2,"featured_media":2712,"comment_status":"open","ping_status":"open","sticky":false,"template":"","format":"standard","meta":[],"categories":[3],"tags":[5],"jetpack_featured_media_url":"https:\/\/www.radiochiloe.cl\/wp-content\/uploads\/2012\/08\/orfeon.jpg","_links":{"self":[{"href":"https:\/\/www.radiochiloe.cl\/index.php?rest_route=\/wp\/v2\/posts\/2711"}],"collection":[{"href":"https:\/\/www.radiochiloe.cl\/index.php?rest_route=\/wp\/v2\/posts"}],"about":[{"href":"https:\/\/www.radiochiloe.cl\/index.php?rest_route=\/wp\/v2\/types\/post"}],"author":[{"embeddable":true,"href":"https:\/\/www.radiochiloe.cl\/index.php?rest_route=\/wp\/v2\/users\/2"}],"replies":[{"embeddable":true,"href":"https:\/\/www.radiochiloe.cl\/index.php?rest_route=%2Fwp%2Fv2%2Fcomments&post=2711"}],"version-history":[{"count":3,"href":"https:\/\/www.radiochiloe.cl\/index.php?rest_route=\/wp\/v2\/posts\/2711\/revisions"}],"predecessor-version":[{"id":2715,"href":"https:\/\/www.radiochiloe.cl\/index.php?rest_route=\/wp\/v2\/posts\/2711\/revisions\/2715"}],"wp:featuredmedia":[{"embeddable":true,"href":"https:\/\/www.radiochiloe.cl\/index.php?rest_route=\/wp\/v2\/media\/2712"}],"wp:attachment":[{"href":"https:\/\/www.radiochiloe.cl\/index.php?rest_route=%2Fwp%2Fv2%2Fmedia&parent=2711"}],"wp:term":[{"taxonomy":"category","embeddable":true,"href":"https:\/\/www.radiochiloe.cl\/index.php?rest_route=%2Fwp%2Fv2%2Fcategories&post=2711"},{"taxonomy":"post_tag","embeddable":true,"href":"https:\/\/www.radiochiloe.cl\/index.php?rest_route=%2Fwp%2Fv2%2Ftags&post=2711"}],"curies":[{"name":"wp","href":"https:\/\/api.w.org\/{rel}","templated":true}]}}