{"id":2731,"date":"2012-08-07T10:30:13","date_gmt":"2012-08-07T14:30:13","guid":{"rendered":"http:\/\/www.radiochiloe.cl\/?p=2731"},"modified":"2012-08-07T10:30:13","modified_gmt":"2012-08-07T14:30:13","slug":"municipio-de-quinchao-reconocio-la-gran-labor-de-los-dirigentes-sociales","status":"publish","type":"post","link":"https:\/\/www.radiochiloe.cl\/?p=2731","title":{"rendered":"Municipio de Quinchao reconoci\u00f3 la gran labor de los dirigentes sociales"},"content":{"rendered":"<p style=\"text-align: justify;\">M\u00e1s de 50 l\u00edderes sociales se dieron cita en Achao invitados por el municipio local para celebrar su d\u00eda, con motivo de conmemorarse este martes 7 de agosto el \u201cD\u00eda Nacional del dirigente Social y Comunitario\u201d.<\/p>\n<p style=\"text-align: justify;\">De esta manera, los dirigentes de diversas instituciones, espec\u00edficamente presidentes de organizaciones de distintos sectores de Achao, sectores rurales e islas interiores de la comuna, se dieron cita en este recinto deportivo acogiendo la invitaci\u00f3n que les fuera cursada por el Alcalde Santiago Torres.<\/p>\n<p style=\"text-align: justify;\">La actividad comenz\u00f3 a las 11:30 horas con el saludo respectivo por parte del alcalde de Quinchao, Santiago Torres, quien durante su intervenci\u00f3n resalt\u00f3 la inmensa labor que realizan los dirigentes sociales en comunidades especialmente en nuestra comuna, tomando en cuenta lo compleja de su geograf\u00eda insular \u201cqueridos dirigentes sociales reciban mi aprecio y mi admiraci\u00f3n por la tarea insustituible que llevan adelante d\u00eda a d\u00eda en beneficio de sus comunidades, hablar de ustedes es reconocer p\u00fablicamente su misi\u00f3n y rol que llevan muy adentro para poder cumplir una tarea admirable\u201d.<\/p>\n<p style=\"text-align: justify;\">El alcalde Torres, se\u00f1al\u00f3 adem\u00e1s que este significativo acto nace pensando en que la comuna tiene que ser m\u00e1s participativa e inclusiva. Nosotros pretendemos desenvolvernos con la ley 20.500 sobre organizaciones, asociaciones comunales y en su momento buscar un directorio de todos los dirigentes para formar el Consejo Comunal de las Organizaciones de la Sociedad Civil, ellos van a tener derechos a voz frente a algunas situaciones que nosotros tengamos que presentar como concejo comunal, significa que nosotros como municipio propiciamos un gobierno participativo y consideramos las iniciativas de esos dirigentes sociales, porque ellos conocen mejor su realidad que nosotros.<\/p>\n<p style=\"text-align: justify;\">Antonio Culun, presidente del comit\u00e9 de capilla del sector rural de Matao, se mostr\u00f3 contento por esta actividad que fue organizada por el municipio para festejar a los dirigentes, indicando\u201d Me siento tremendamente agradecido por esta actividad que fue muy preciosa es muy importante cuando se nos toma en cuenta y se nos destaca nuestra labor, por lo tanto, es una inyecci\u00f3n de energ\u00eda para seguir trabajando fuertemente por mi comunidad y de la mano con el municipio, por lo que agradezco a su Alcalde Santiago Torres por todo lo que ha hecho por nosotros\u201d.<\/p>\n<p style=\"text-align: justify;\">Olfa Millaquen, dirigente social de isla Meulin, tuvo palabras similares de agradecimientos hac\u00eda el municipio de Quinchao que dirige el alcalde Santiago Torres, \u201ctodo estuvo espectacular el almuerzo, la m\u00fasica, todo en realidad. Es muy bueno que se nos reconozca nuestra labor como dirigentes, especialmente para quienes vivimos en las islas\u201d se\u00f1al\u00f3.<\/p>\n<p style=\"text-align: justify;\">La actividad fue matizada con el ritmo y la alegr\u00eda del grupo castre\u00f1o \u201cSabor Sure\u00f1o\u201d, posteriormente se realiz\u00f3 una entrega de diplomas a cada dirigente que concurri\u00f3 a este acto, con el objeto de resaltar la labor la inmensa labor que cada uno de ellos se realiza al interior de sus comunidades, finalizando con un almuerzo de camarader\u00eda que fue ofrecido por la municipalidad de Quinchao.<\/p>\n<p style=\"text-align: justify;\">Debemos mencionar que esta actividad se realiz\u00f3 este lunes, debido que es el d\u00eda en que llegan la mayor cantidad de personas desde las islas.<\/p>\n<p style=\"text-align: justify;\">Cabe se\u00f1alar que el municipio de Quinchao durante los \u00faltimos a\u00f1os ha estado apoyando fuertemente a sus organizaciones sociales con entrega de fondos a trav\u00e9s de los FONDECOM y FONDEP.<\/p>\n<p style=\"text-align: justify;\">Departamento de Prensa<\/p>\n","protected":false},"excerpt":{"rendered":"<p>M\u00e1s de 50 l\u00edderes sociales se dieron cita en Achao invitados por el municipio local para celebrar su d\u00eda, con motivo de conmemorarse este martes 7 de agosto el \u201cD\u00eda Nacional del dirigente Social y Comunitario\u201d. De esta manera, los dirigentes de diversas instituciones, espec\u00edficamente presidentes de organizaciones de distintos sectores de Achao, sectores rurales [&hellip;]<\/p>\n","protected":false},"author":2,"featured_media":2732,"comment_status":"open","ping_status":"open","sticky":false,"template":"","format":"standard","meta":[],"categories":[3],"tags":[5],"jetpack_featured_media_url":"https:\/\/www.radiochiloe.cl\/wp-content\/uploads\/2012\/08\/quinchao.jpg","_links":{"self":[{"href":"https:\/\/www.radiochiloe.cl\/index.php?rest_route=\/wp\/v2\/posts\/2731"}],"collection":[{"href":"https:\/\/www.radiochiloe.cl\/index.php?rest_route=\/wp\/v2\/posts"}],"about":[{"href":"https:\/\/www.radiochiloe.cl\/index.php?rest_route=\/wp\/v2\/types\/post"}],"author":[{"embeddable":true,"href":"https:\/\/www.radiochiloe.cl\/index.php?rest_route=\/wp\/v2\/users\/2"}],"replies":[{"embeddable":true,"href":"https:\/\/www.radiochiloe.cl\/index.php?rest_route=%2Fwp%2Fv2%2Fcomments&post=2731"}],"version-history":[{"count":1,"href":"https:\/\/www.radiochiloe.cl\/index.php?rest_route=\/wp\/v2\/posts\/2731\/revisions"}],"predecessor-version":[{"id":2733,"href":"https:\/\/www.radiochiloe.cl\/index.php?rest_route=\/wp\/v2\/posts\/2731\/revisions\/2733"}],"wp:featuredmedia":[{"embeddable":true,"href":"https:\/\/www.radiochiloe.cl\/index.php?rest_route=\/wp\/v2\/media\/2732"}],"wp:attachment":[{"href":"https:\/\/www.radiochiloe.cl\/index.php?rest_route=%2Fwp%2Fv2%2Fmedia&parent=2731"}],"wp:term":[{"taxonomy":"category","embeddable":true,"href":"https:\/\/www.radiochiloe.cl\/index.php?rest_route=%2Fwp%2Fv2%2Fcategories&post=2731"},{"taxonomy":"post_tag","embeddable":true,"href":"https:\/\/www.radiochiloe.cl\/index.php?rest_route=%2Fwp%2Fv2%2Ftags&post=2731"}],"curies":[{"name":"wp","href":"https:\/\/api.w.org\/{rel}","templated":true}]}}