{"id":2742,"date":"2012-08-07T12:25:07","date_gmt":"2012-08-07T16:25:07","guid":{"rendered":"http:\/\/www.radiochiloe.cl\/?p=2742"},"modified":"2012-08-07T12:25:07","modified_gmt":"2012-08-07T16:25:07","slug":"esta-tarde-profesionales-del-mop-expondran-proyecto-by-pass-de-castro","status":"publish","type":"post","link":"https:\/\/www.radiochiloe.cl\/?p=2742","title":{"rendered":"Esta tarde profesionales del MOP expondr\u00e1n proyecto by pass de Castro"},"content":{"rendered":"<p style=\"text-align: justify;\">Este martes profesionales del Ministerio de Obras P\u00fablicas efectuar\u00e1n una exhibici\u00f3n ante el Concejo Municipal y el Consejo de Organizaciones de la Sociedad Civil de la comuna.<\/p>\n<p style=\"text-align: justify;\">Una exposici\u00f3n sobre el proyecto del by pass en Castro realizar\u00e1n este martes funcionarios del Ministerio de Obras P\u00fablicas, MOP, ante el Concejo Municipal de la capital chilota.<\/p>\n<p style=\"text-align: justify;\">La cita formar\u00e1 parte de la tabla de la sesi\u00f3n ordinaria que el Concejo efect\u00faa tradicionalmente los martes en la jornada de la tarde.<\/p>\n<p style=\"text-align: justify;\">La idea del encuentro es que los profesionales puedan hacer una acabada presentaci\u00f3n de dicha iniciativa y actualizar la informaci\u00f3n que se tiene actualmente del proyecto, por ello es que tambi\u00e9n estar\u00e1 presente en la oportunidad el Consejo de organizaciones de la sociedad civil de la comuna de Castro, organismo que ha sido invitado a la instancia.<\/p>\n<p style=\"text-align: justify;\">De acuerdo a lo relatado por el alcalde de la comuna de Castro, Nelson \u00c1guila, a fines del mes de mayo se envi\u00f3 un oficio al director nacional de vialidad, Mario Fern\u00e1ndez, solicitando la presencia de funcionarios de mencionada repartici\u00f3n para poder ahondar e en la mega obra y aclarar algunas dudas. Solicitud que fue respondida hace tan s\u00f3lo unos d\u00edas.<\/p>\n<p style=\"text-align: justify;\">\u201cEste es uno de los proyectos m\u00e1s importantes y emblem\u00e1ticos para la comuna, el problema de la ciudad de Castro no tiene otra soluci\u00f3n que no sea la construcci\u00f3n del by pass. La congesti\u00f3n de tr\u00e1nsito, el nivel de ruido m\u00e1s all\u00e1 de lo permitido por las normas del Ministerio de Salud, el colapso general del centro es por el paso de la ruta 5, y Vialidad y el Ministerio de Obras P\u00fablicas tienen la obligaci\u00f3n de solucionar este problema\u201d, record\u00f3 el jefe comunal.<\/p>\n<p style=\"text-align: justify;\">En abril pasado, precisamente el alcalde \u00c1guila se reuni\u00f3 en Santiago con Laurence Golborne, ministro de Obras P\u00fablicas, para plantearle al secretario de estado la urgente necesidad de construcci\u00f3n del by pass, dada la alta afluencia vehicular que transita diariamente por las calles San Mart\u00edn y O\u2019Higgins, que en horas del d\u00eda provoca un verdadero caos vial.<\/p>\n<p style=\"text-align: justify;\">\u201cEl Gobierno tiene, m\u00e1s all\u00e1 de la buena intenci\u00f3n, colocar su decisi\u00f3n pol\u00edtica, porque en el caso del proyecto del puerto de Castro y del aeropuerto cuando llegaron al Mideplan resultaron que no eran rentables socialmente, sin embargo se les puso prioridad presidencial. Aqu\u00ed lo que se necesita es la voluntad pol\u00edtica del Gobierno, sino van a condenar a Castro y Chilo\u00e9 a sufrir las consecuencias de la ruta 5 eternamente\u201d, enfatiz\u00f3 \u00c1guila.<\/p>\n<p style=\"text-align: justify;\">Dentro de los principales beneficios del by pass destacan el que se elimina la circulaci\u00f3n por el centro de la ciudad y se permite reducir considerablemente los tiempos de viaje. Igualmente se agrega una nueva v\u00eda de conexi\u00f3n entre el Norte y Sur de Castro, al contar con un nuevo puente sobre la quebrada Gamboa.<\/p>\n<p style=\"text-align: justify;\">Castro hoy en d\u00eda es la \u00fanica ciudad del pa\u00eds donde la Ruta 5 pasa por el centro, sum\u00e1ndose a eso que se transita al lado de un templo que fue declarado Patrimonio de la Humanidad, como lo es la Iglesia San Francisco, por ello se llama a las autoridades a sensibilizarse frente a esta problem\u00e1tica, que afecta no s\u00f3lo a castre\u00f1os sino a toda la poblaci\u00f3n de la Isla Grande de Chilo\u00e9.<\/p>\n<p style=\"text-align: justify;\">Departamento de Prensa<\/p>\n","protected":false},"excerpt":{"rendered":"<p>Este martes profesionales del Ministerio de Obras P\u00fablicas efectuar\u00e1n una exhibici\u00f3n ante el Concejo Municipal y el Consejo de Organizaciones de la Sociedad Civil de la comuna. Una exposici\u00f3n sobre el proyecto del by pass en Castro realizar\u00e1n este martes funcionarios del Ministerio de Obras P\u00fablicas, MOP, ante el Concejo Municipal de la capital chilota. [&hellip;]<\/p>\n","protected":false},"author":2,"featured_media":2743,"comment_status":"open","ping_status":"open","sticky":false,"template":"","format":"standard","meta":[],"categories":[3],"tags":[5],"jetpack_featured_media_url":"https:\/\/www.radiochiloe.cl\/wp-content\/uploads\/2012\/08\/bypass.jpg","_links":{"self":[{"href":"https:\/\/www.radiochiloe.cl\/index.php?rest_route=\/wp\/v2\/posts\/2742"}],"collection":[{"href":"https:\/\/www.radiochiloe.cl\/index.php?rest_route=\/wp\/v2\/posts"}],"about":[{"href":"https:\/\/www.radiochiloe.cl\/index.php?rest_route=\/wp\/v2\/types\/post"}],"author":[{"embeddable":true,"href":"https:\/\/www.radiochiloe.cl\/index.php?rest_route=\/wp\/v2\/users\/2"}],"replies":[{"embeddable":true,"href":"https:\/\/www.radiochiloe.cl\/index.php?rest_route=%2Fwp%2Fv2%2Fcomments&post=2742"}],"version-history":[{"count":1,"href":"https:\/\/www.radiochiloe.cl\/index.php?rest_route=\/wp\/v2\/posts\/2742\/revisions"}],"predecessor-version":[{"id":2744,"href":"https:\/\/www.radiochiloe.cl\/index.php?rest_route=\/wp\/v2\/posts\/2742\/revisions\/2744"}],"wp:featuredmedia":[{"embeddable":true,"href":"https:\/\/www.radiochiloe.cl\/index.php?rest_route=\/wp\/v2\/media\/2743"}],"wp:attachment":[{"href":"https:\/\/www.radiochiloe.cl\/index.php?rest_route=%2Fwp%2Fv2%2Fmedia&parent=2742"}],"wp:term":[{"taxonomy":"category","embeddable":true,"href":"https:\/\/www.radiochiloe.cl\/index.php?rest_route=%2Fwp%2Fv2%2Fcategories&post=2742"},{"taxonomy":"post_tag","embeddable":true,"href":"https:\/\/www.radiochiloe.cl\/index.php?rest_route=%2Fwp%2Fv2%2Ftags&post=2742"}],"curies":[{"name":"wp","href":"https:\/\/api.w.org\/{rel}","templated":true}]}}