{"id":2749,"date":"2012-08-08T08:20:29","date_gmt":"2012-08-08T12:20:29","guid":{"rendered":"http:\/\/www.radiochiloe.cl\/?p=2749"},"modified":"2012-08-08T00:39:12","modified_gmt":"2012-08-08T04:39:12","slug":"sernatur-los-lagos-invita-a-postular-a-los-cupos-sociales-del-programa-vacaciones-tercera-edad","status":"publish","type":"post","link":"https:\/\/www.radiochiloe.cl\/?p=2749","title":{"rendered":"Sernatur Los Lagos invita a postular a los \u201ccupos sociales\u201d del Programa Vacaciones Tercera Edad"},"content":{"rendered":"<p style=\"text-align: justify;\">Con la participaci\u00f3n de seis comunas de la regi\u00f3n de Los Lagos, el \u00e1rea que contempla los cupos sociales del Programa Vacaciones Tercera Edad inici\u00f3 su temporada 2012, para lo cual los municipios seleccionados en esta temporada ya se encuentran recopilando la informaci\u00f3n de las personas interesadas en ser parte de este programa.<\/p>\n<p style=\"text-align: justify;\">Quienes deseen optar a este beneficio de gobierno, deber\u00e1n presentar en sus respectivas municipalidades una fotocopia de su carnet, adem\u00e1s de tener un puntaje igual o inferior a 14.557 puntos en la Ficha de Protecci\u00f3n Social.<\/p>\n<p style=\"text-align: justify;\">Valeria Oyarz\u00fan, Encargada Regional del Programa Vacaciones Tercera Edad, destac\u00f3 que \u201caquellas personas que por razones econ\u00f3micas no puedan disfrutar del placer de viajar, lo puedan hacer gracias a esta subvenci\u00f3n que cubre el 76% del total del paquete tur\u00edstico\u201d, tambi\u00e9n se\u00f1al\u00f3 que para este a\u00f1o cada adulto mayor deber\u00e1 cancelar un monto de co-pago equivalente a $35.535.<\/p>\n<p style=\"text-align: justify;\">Sin ocultar su emoci\u00f3n al recordar el viaje que realiz\u00f3 a Puc\u00f3n en el a\u00f1o 2011, Miguelina Alvarado, una de las favorecidas con este programa social, dijo que \u201cse conocen lugares lindos y uno forma grupos muy unidos con todos los que vamos en el viaje\u201d adem\u00e1s recomend\u00f3 optar a esta oportunidad sentenciando que \u201ctodos los que puedan, ojala que vivan la experiencia\u201d.<\/p>\n<p style=\"text-align: justify;\">Mar\u00eda Santib\u00e1\u00f1ez es de la localidad de Los Sauces en la comuna de Puyehue y tambi\u00e9n particip\u00f3 del Programa Vacaciones Tercera Edad, al igual que Miguelina recomend\u00f3 a los adultos mayores ser parte de esta iniciativa tur\u00edstica, \u201cla verdad es que se pasa super bien, todo muy bonito y es algo que nos saca de la rutina diaria\u201d, adem\u00e1s detall\u00f3 que en esa oportunidad viaj\u00f3 a Villarrica y a pesar de conocer la localidad con anterioridad, coment\u00f3 que en esta ocasi\u00f3n fueron a sitios que jam\u00e1s hab\u00eda visto.<\/p>\n<p style=\"text-align: justify;\">En la nueva versi\u00f3n del programa, Castro es la primera comuna que saldr\u00e1 de la regi\u00f3n con destino Valdivia el d\u00eda 18 de septiembre, entonces se recomienda a quienes quieran participar, postulen entregando la documentaci\u00f3n solicitada a trav\u00e9s de su municipio con un mes de anticipaci\u00f3n a la salida.<\/p>\n<p style=\"text-align: justify;\">Son 240 cupos sociales los que fueron otorgados en esta temporada y adem\u00e1s de Castro, las localidades de Ancud, Puerto Varas, Puyehue, Osorno y R\u00edo Negro son las comunas seleccionadas para gozar de esta iniciativa, que recibieron 40 cupos respectivamente, lo que en total se traduce en una subvenci\u00f3n estatal que supera los 25 millones de pesos.<\/p>\n<p style=\"text-align: justify;\">Departamento de Prensa<\/p>\n","protected":false},"excerpt":{"rendered":"<p>Con la participaci\u00f3n de seis comunas de la regi\u00f3n de Los Lagos, el \u00e1rea que contempla los cupos sociales del Programa Vacaciones Tercera Edad inici\u00f3 su temporada 2012, para lo cual los municipios seleccionados en esta temporada ya se encuentran recopilando la informaci\u00f3n de las personas interesadas en ser parte de este programa. Quienes deseen [&hellip;]<\/p>\n","protected":false},"author":2,"featured_media":2750,"comment_status":"open","ping_status":"open","sticky":false,"template":"","format":"standard","meta":[],"categories":[3],"tags":[5],"jetpack_featured_media_url":"https:\/\/www.radiochiloe.cl\/wp-content\/uploads\/2012\/08\/adultomayor.jpg","_links":{"self":[{"href":"https:\/\/www.radiochiloe.cl\/index.php?rest_route=\/wp\/v2\/posts\/2749"}],"collection":[{"href":"https:\/\/www.radiochiloe.cl\/index.php?rest_route=\/wp\/v2\/posts"}],"about":[{"href":"https:\/\/www.radiochiloe.cl\/index.php?rest_route=\/wp\/v2\/types\/post"}],"author":[{"embeddable":true,"href":"https:\/\/www.radiochiloe.cl\/index.php?rest_route=\/wp\/v2\/users\/2"}],"replies":[{"embeddable":true,"href":"https:\/\/www.radiochiloe.cl\/index.php?rest_route=%2Fwp%2Fv2%2Fcomments&post=2749"}],"version-history":[{"count":1,"href":"https:\/\/www.radiochiloe.cl\/index.php?rest_route=\/wp\/v2\/posts\/2749\/revisions"}],"predecessor-version":[{"id":2751,"href":"https:\/\/www.radiochiloe.cl\/index.php?rest_route=\/wp\/v2\/posts\/2749\/revisions\/2751"}],"wp:featuredmedia":[{"embeddable":true,"href":"https:\/\/www.radiochiloe.cl\/index.php?rest_route=\/wp\/v2\/media\/2750"}],"wp:attachment":[{"href":"https:\/\/www.radiochiloe.cl\/index.php?rest_route=%2Fwp%2Fv2%2Fmedia&parent=2749"}],"wp:term":[{"taxonomy":"category","embeddable":true,"href":"https:\/\/www.radiochiloe.cl\/index.php?rest_route=%2Fwp%2Fv2%2Fcategories&post=2749"},{"taxonomy":"post_tag","embeddable":true,"href":"https:\/\/www.radiochiloe.cl\/index.php?rest_route=%2Fwp%2Fv2%2Ftags&post=2749"}],"curies":[{"name":"wp","href":"https:\/\/api.w.org\/{rel}","templated":true}]}}