{"id":2787,"date":"2012-08-09T07:30:13","date_gmt":"2012-08-09T11:30:13","guid":{"rendered":"http:\/\/www.radiochiloe.cl\/?p=2787"},"modified":"2012-08-08T19:32:33","modified_gmt":"2012-08-08T23:32:33","slug":"colegio-de-profesores-de-ancud-valora-cancelacion-del-bono-sae","status":"publish","type":"post","link":"https:\/\/www.radiochiloe.cl\/?p=2787","title":{"rendered":"Colegio de Profesores de Ancud valora cancelaci\u00f3n del Bono SAE"},"content":{"rendered":"<p style=\"text-align: justify;\">Su total conformidad respecto de la cancelaci\u00f3n de la deuda por el Bono Subvenci\u00f3n Adicional Especial (Bono SAE) -por parte de la Corporaci\u00f3n Municipal de Ancud- expres\u00f3 el Colegio de Profesores de Ancud, a trav\u00e9s de su presidenta comunal Berta Vidal, luego que el Alcalde Federico Kruger resolviera que los millonarios recursos adeudados a los docentes, se gestionaran por medio de la obtenci\u00f3n de un leaseback, que entregar\u00e1 el capital necesario para saldar las cuentas.<\/p>\n<p style=\"text-align: justify;\">La dirigente del magisterio ancuditano, se\u00f1al\u00f3 que \u201cEstamos totalmente de acuerdo y conforme con las gestiones que se hicieron desde la Corporaci\u00f3n y la Municipalidad, a trav\u00e9s del se\u00f1or Alcalde Federico Kruger, porque se acat\u00f3 el fallo de los tribunales y ahora los documentos ya se encuentran en Notar\u00eda, para que en los pr\u00f3ximos d\u00edas se concrete el pago a los docentes\u201d precis\u00f3 Vidal.<\/p>\n<p style=\"text-align: justify;\">La misma opini\u00f3n entreg\u00f3 Vanesa P\u00e9rez, abogada que representa a un grupo de profesores involucrados en el tema, quien indic\u00f3 que \u201cLo que est\u00e1 haciendo el Alcalde nos parece bastante bueno, en el sentido de cancelar todo lo adeudado, luego de un largo proceso judicial que est\u00e1 finalizando en buenos t\u00e9rminos\u201d explic\u00f3 la profesional.<\/p>\n<p style=\"text-align: justify;\">Cabe se\u00f1alar que se trata de un total de 440 millones de pesos que se cancelara a 162 docentes ancuditanos, de los cuales 140 son profesores activos y el resto se acogi\u00f3 a jubilaci\u00f3n, seg\u00fan lo expresado por Berta Vidal, quien agreg\u00f3 que el resto de los docentes que no se sumaron en su momento a esta demanda colectiva, ya se encuentran en Tribunales esperando un fallo positivo ante esta misma situaci\u00f3n.<\/p>\n<p style=\"text-align: justify;\">Dentro de las pr\u00f3ximas semanas se espera concretar el acuerdo y obtener los recursos que se entregar\u00e1n al tribunal para que se concrete el pago definitivo a los docentes ancuditanos. \u201cQueremos transparentar al m\u00e1ximo que esto va a significar que se va a pasar a la etapa de adjudicaci\u00f3n y luego la concreci\u00f3n de la escritura notarial del cr\u00e9dito\u201d, expres\u00f3 el jefe comunal, quien record\u00f3 que esta situaci\u00f3n afecta a casi la totalidad de municipios del pa\u00eds, estando preparados \u201cante los nuevos juicios que se desarrollan\u201d puntualiz\u00f3 el Alcalde de Ancud.<\/p>\n<p style=\"text-align: justify;\">Departamento de Prensa<\/p>\n","protected":false},"excerpt":{"rendered":"<p>Su total conformidad respecto de la cancelaci\u00f3n de la deuda por el Bono Subvenci\u00f3n Adicional Especial (Bono SAE) -por parte de la Corporaci\u00f3n Municipal de Ancud- expres\u00f3 el Colegio de Profesores de Ancud, a trav\u00e9s de su presidenta comunal Berta Vidal, luego que el Alcalde Federico Kruger resolviera que los millonarios recursos adeudados a los [&hellip;]<\/p>\n","protected":false},"author":2,"featured_media":2788,"comment_status":"open","ping_status":"open","sticky":false,"template":"","format":"standard","meta":[],"categories":[3],"tags":[5],"jetpack_featured_media_url":"https:\/\/www.radiochiloe.cl\/wp-content\/uploads\/2012\/08\/bonosae.jpg","_links":{"self":[{"href":"https:\/\/www.radiochiloe.cl\/index.php?rest_route=\/wp\/v2\/posts\/2787"}],"collection":[{"href":"https:\/\/www.radiochiloe.cl\/index.php?rest_route=\/wp\/v2\/posts"}],"about":[{"href":"https:\/\/www.radiochiloe.cl\/index.php?rest_route=\/wp\/v2\/types\/post"}],"author":[{"embeddable":true,"href":"https:\/\/www.radiochiloe.cl\/index.php?rest_route=\/wp\/v2\/users\/2"}],"replies":[{"embeddable":true,"href":"https:\/\/www.radiochiloe.cl\/index.php?rest_route=%2Fwp%2Fv2%2Fcomments&post=2787"}],"version-history":[{"count":1,"href":"https:\/\/www.radiochiloe.cl\/index.php?rest_route=\/wp\/v2\/posts\/2787\/revisions"}],"predecessor-version":[{"id":2789,"href":"https:\/\/www.radiochiloe.cl\/index.php?rest_route=\/wp\/v2\/posts\/2787\/revisions\/2789"}],"wp:featuredmedia":[{"embeddable":true,"href":"https:\/\/www.radiochiloe.cl\/index.php?rest_route=\/wp\/v2\/media\/2788"}],"wp:attachment":[{"href":"https:\/\/www.radiochiloe.cl\/index.php?rest_route=%2Fwp%2Fv2%2Fmedia&parent=2787"}],"wp:term":[{"taxonomy":"category","embeddable":true,"href":"https:\/\/www.radiochiloe.cl\/index.php?rest_route=%2Fwp%2Fv2%2Fcategories&post=2787"},{"taxonomy":"post_tag","embeddable":true,"href":"https:\/\/www.radiochiloe.cl\/index.php?rest_route=%2Fwp%2Fv2%2Ftags&post=2787"}],"curies":[{"name":"wp","href":"https:\/\/api.w.org\/{rel}","templated":true}]}}