{"id":2790,"date":"2012-08-09T08:30:11","date_gmt":"2012-08-09T12:30:11","guid":{"rendered":"http:\/\/www.radiochiloe.cl\/?p=2790"},"modified":"2012-08-08T22:26:56","modified_gmt":"2012-08-09T02:26:56","slug":"se-realizo-la-firma-de-convenios-para-comenzar-los-procesos-de-entrega-de-los-fondos-de-medios-2012","status":"publish","type":"post","link":"https:\/\/www.radiochiloe.cl\/?p=2790","title":{"rendered":"Se realiz\u00f3 la firma de convenios para comenzar los procesos de entrega de los Fondos de Medios 2012"},"content":{"rendered":"<p style=\"text-align: justify;\">(EN LA FOTO LA SE\u00d1ORA AMELIA VELASQUEZ CON EL SEREMI MAURICIO AROCA)<\/p>\n<p style=\"text-align: justify;\">Este acto se desarroll\u00f3 durante la tarde de ayer en la comuna de Chonchi, donde asistieron representantes legales de los diferentes medios de comunicaci\u00f3n que fueron beneficiados con recursos, los que fueron aprobados por el Gobierno Regional.<\/p>\n<p style=\"text-align: justify;\">Mauricio Aroca actual Seremi de Gobierno destac\u00f3 el hecho que la mayor\u00eda de los medios de comunicaci\u00f3n ha mejorado la calidad de los proyectos presentados este a\u00f1o \u201clos beneficiados han entendido que estos fondos sean dirigidos a la comunidad y con contenidos hechos en la misma comunidad. Todos estos recursos impulsados a trav\u00e9s del gobierno de Sebastian Pi\u00f1era han experimentado cambios significativos por el aumento en el porcentaje en infraestructura y lo otro importante es la asociatividad de los medios\u201d se\u00f1al\u00f3.<\/p>\n<p style=\"text-align: justify;\">El Seremi enfatiz\u00f3 en el n\u00famero de proyectos presentados comparativamente con el a\u00f1o pasado \u201cfueron siete los proyectos que consiguieron recursos en la provincia de Chilo\u00e9, pero en la regi\u00f3n de los Lagos se presentaron 40 proyectos ha este concurso el a\u00f1o pasado y este 2012 el aumento lleg\u00f3 a 59, entonces con esto queremos hacer presente que los recursos tienen un sentido que los medios de comunicaci\u00f3n han entendido, por eso insisto que tambi\u00e9n aument\u00f3 la calidad\u201d agreg\u00f3.<\/p>\n<p style=\"text-align: justify;\">Mauricio Aroca manifest\u00f3 que ahora el proceso de completa con la entrega de los cheques que se tiene estipulado para la \u00faltima semana del mes de agosto, pero adem\u00e1s afirm\u00f3 que se todo se completara con una capacitaci\u00f3n para los representantes de los medios de comunicaci\u00f3n con la intenci\u00f3n de entregarles la herramientas necesarias para que las rendiciones se efect\u00faen acorde a los nuevas bases.<\/p>\n<p style=\"text-align: justify;\">Milton Sep\u00falveda en representaci\u00f3n de la Radio Chilo\u00e9, medio de comunicaci\u00f3n que efect\u00fao el tr\u00e1mite correspondiente, se\u00f1al\u00f3 que el proyecto que se present\u00f3 va apuntado a la prevenci\u00f3n de la drogadicci\u00f3n, la que ser\u00e1 difundido a trav\u00e9s de la Radio Chilo\u00e9 y en el portal www.radiochiloe.cl \u201cestamos felices por haber conseguido nuestro objetivo; desde que existe los Fondos de Medios, la Radio Chilo\u00e9 ha desarrollado todo el proceso de postulaci\u00f3n logrando obtener los beneficios que son compartidos en la adquisici\u00f3n de nueva tecnolog\u00eda y la diagramaci\u00f3n del proyecto presentado\u201d explic\u00f3.<\/p>\n<p style=\"text-align: justify;\">El Gerente General de la Radio Chilo\u00e9 agreg\u00f3 que \u201cpara nosotros constituye un aporte bastante importante para seguir avanzando, utilizamos estos fondos para adquirir equipamiento, mejorando as\u00ed nuestra calidad de emisi\u00f3n en beneficio de nuestros fieles auditores\u201d expres\u00f3.<\/p>\n<p style=\"text-align: justify;\">Cabe mencionar que en septiembre comienzan a ejecutarse los proyectos donde destaca que de los siete proyectos favorecidos con los recursos que entrega los Fondos de Medios en la provincia de Chilo\u00e9, seis de ellos se los adjudicaron radios chilotas y solo un canal fue favorecido correspondiente a la comuna de Dalcahue.<\/p>\n<p style=\"text-align: justify;\">Departamento de Prensa<\/p>\n","protected":false},"excerpt":{"rendered":"<p>(EN LA FOTO LA SE\u00d1ORA AMELIA VELASQUEZ CON EL SEREMI MAURICIO AROCA) Este acto se desarroll\u00f3 durante la tarde de ayer en la comuna de Chonchi, donde asistieron representantes legales de los diferentes medios de comunicaci\u00f3n que fueron beneficiados con recursos, los que fueron aprobados por el Gobierno Regional. Mauricio Aroca actual Seremi de Gobierno [&hellip;]<\/p>\n","protected":false},"author":2,"featured_media":2791,"comment_status":"open","ping_status":"open","sticky":false,"template":"","format":"standard","meta":[],"categories":[3],"tags":[5],"jetpack_featured_media_url":"https:\/\/www.radiochiloe.cl\/wp-content\/uploads\/2012\/08\/radio.jpg","_links":{"self":[{"href":"https:\/\/www.radiochiloe.cl\/index.php?rest_route=\/wp\/v2\/posts\/2790"}],"collection":[{"href":"https:\/\/www.radiochiloe.cl\/index.php?rest_route=\/wp\/v2\/posts"}],"about":[{"href":"https:\/\/www.radiochiloe.cl\/index.php?rest_route=\/wp\/v2\/types\/post"}],"author":[{"embeddable":true,"href":"https:\/\/www.radiochiloe.cl\/index.php?rest_route=\/wp\/v2\/users\/2"}],"replies":[{"embeddable":true,"href":"https:\/\/www.radiochiloe.cl\/index.php?rest_route=%2Fwp%2Fv2%2Fcomments&post=2790"}],"version-history":[{"count":2,"href":"https:\/\/www.radiochiloe.cl\/index.php?rest_route=\/wp\/v2\/posts\/2790\/revisions"}],"predecessor-version":[{"id":2793,"href":"https:\/\/www.radiochiloe.cl\/index.php?rest_route=\/wp\/v2\/posts\/2790\/revisions\/2793"}],"wp:featuredmedia":[{"embeddable":true,"href":"https:\/\/www.radiochiloe.cl\/index.php?rest_route=\/wp\/v2\/media\/2791"}],"wp:attachment":[{"href":"https:\/\/www.radiochiloe.cl\/index.php?rest_route=%2Fwp%2Fv2%2Fmedia&parent=2790"}],"wp:term":[{"taxonomy":"category","embeddable":true,"href":"https:\/\/www.radiochiloe.cl\/index.php?rest_route=%2Fwp%2Fv2%2Fcategories&post=2790"},{"taxonomy":"post_tag","embeddable":true,"href":"https:\/\/www.radiochiloe.cl\/index.php?rest_route=%2Fwp%2Fv2%2Ftags&post=2790"}],"curies":[{"name":"wp","href":"https:\/\/api.w.org\/{rel}","templated":true}]}}