{"id":2794,"date":"2012-08-09T10:46:03","date_gmt":"2012-08-09T14:46:03","guid":{"rendered":"http:\/\/www.radiochiloe.cl\/?p=2794"},"modified":"2012-08-09T10:46:03","modified_gmt":"2012-08-09T14:46:03","slug":"comunidad-de-nercon-y-autoridades-se-reunen-en-gobernacion-chiloe","status":"publish","type":"post","link":"https:\/\/www.radiochiloe.cl\/?p=2794","title":{"rendered":"Comunidad de Nerc\u00f3n y Autoridades se re\u00fanen en Gobernaci\u00f3n Chilo\u00e9"},"content":{"rendered":"<p style=\"text-align: justify;\">El prop\u00f3sito de la jornada, fue informar a la comunidad acerca de los alcances de la nueva Ley 20.599, que regula la instalaci\u00f3n de antenas y emisoras de servicio de telecomunicaciones.<\/p>\n<p style=\"text-align: justify;\">En la mesa de trabajo se convoc\u00f3 adem\u00e1s el SEREMI de Transporte y Telecomunicaciones Alex Bartsch, el Jefe de Gabinete de la Gobernaci\u00f3n Provincial de Chilo\u00e9 Fernando B\u00f3rquez y representantes de la Municipalidad de Castro.<\/p>\n<p style=\"text-align: justify;\">En este sentido el Secretario Regional Ministerial de Transporte y Telecomunicaciones, Alex Bartsch se mostr\u00f3 conforme con la jornada donde representantes de la comunidad de Nerc\u00f3n y del Comit\u00e9 de Adelanto de Quinchen, quien recordemos se encuentran afectados por la instalaci\u00f3n de una antena de celulares de la empresa Claro, escucharon atentamente los principios de la nueva Ley, entre las que destaca la regularizaci\u00f3n de la instalaci\u00f3n de antenas, aumento de las facultades para la fiscalizaci\u00f3n de las empresas, establece est\u00e1ndares de normas de emisi\u00f3n y establece la participaci\u00f3n ciudadana como eje y columna vertebral del proceso de instalaci\u00f3n.<\/p>\n<p style=\"text-align: justify;\">\u201cEs importante que la comunidad pueda entender que el Gobierno est\u00e1 preocupado de los derechos de los ciudadanos, no s\u00f3lo con respecto al impacto que puedan tener las antenas en esta zona, precisamente en dos sectores de la comuna de Castro, sino que pudimos explicar los alcances de la nueva ley en la tem\u00e1tica medio ambiental, tur\u00edstica y en general que involucra la Ley, donde se le entrega el poder a la gente para decidir\u201d, se\u00f1al\u00f3 Bartsch.<\/p>\n<p style=\"text-align: justify;\">Por su parte el Jefe de Gabinete de la Gobernaci\u00f3n Provincial de Chilo\u00e9, Fernando B\u00f3rquez, manifest\u00f3 que esta es una mesa de trabajo que se instaur\u00f3 para visualizar los temas de mitigaci\u00f3n en relaci\u00f3n a la antena de tel\u00e9fonos celulares y tratar de poder saber legalmente cu\u00e1les son nuestras atribuciones que tenemos que tener como ciudadanos con esta nueva ley \u201clo que plante\u00e9 espec\u00edficamente en al reuni\u00f3n es que se puede establecer una ordenanza municipal que establezca los sectores de mitigaci\u00f3n donde las empresas que quieran instalar telefon\u00eda celular sepan que existen sectores donde la municipalidad autoriza y otras que no. Lo que tenemos que evaluar positivamente es que los sectores est\u00e1n organizados y empezaremos a ver otras comunidades que se pueden encontrar afectadas por esta problem\u00e1tica\u201d, finaliz\u00f3.<\/p>\n<p style=\"text-align: justify;\">Departamento de Prensa<\/p>\n","protected":false},"excerpt":{"rendered":"<p>El prop\u00f3sito de la jornada, fue informar a la comunidad acerca de los alcances de la nueva Ley 20.599, que regula la instalaci\u00f3n de antenas y emisoras de servicio de telecomunicaciones. En la mesa de trabajo se convoc\u00f3 adem\u00e1s el SEREMI de Transporte y Telecomunicaciones Alex Bartsch, el Jefe de Gabinete de la Gobernaci\u00f3n Provincial [&hellip;]<\/p>\n","protected":false},"author":2,"featured_media":2795,"comment_status":"open","ping_status":"open","sticky":false,"template":"","format":"standard","meta":[],"categories":[3],"tags":[5],"jetpack_featured_media_url":"https:\/\/www.radiochiloe.cl\/wp-content\/uploads\/2012\/08\/nercon.jpg","_links":{"self":[{"href":"https:\/\/www.radiochiloe.cl\/index.php?rest_route=\/wp\/v2\/posts\/2794"}],"collection":[{"href":"https:\/\/www.radiochiloe.cl\/index.php?rest_route=\/wp\/v2\/posts"}],"about":[{"href":"https:\/\/www.radiochiloe.cl\/index.php?rest_route=\/wp\/v2\/types\/post"}],"author":[{"embeddable":true,"href":"https:\/\/www.radiochiloe.cl\/index.php?rest_route=\/wp\/v2\/users\/2"}],"replies":[{"embeddable":true,"href":"https:\/\/www.radiochiloe.cl\/index.php?rest_route=%2Fwp%2Fv2%2Fcomments&post=2794"}],"version-history":[{"count":2,"href":"https:\/\/www.radiochiloe.cl\/index.php?rest_route=\/wp\/v2\/posts\/2794\/revisions"}],"predecessor-version":[{"id":2797,"href":"https:\/\/www.radiochiloe.cl\/index.php?rest_route=\/wp\/v2\/posts\/2794\/revisions\/2797"}],"wp:featuredmedia":[{"embeddable":true,"href":"https:\/\/www.radiochiloe.cl\/index.php?rest_route=\/wp\/v2\/media\/2795"}],"wp:attachment":[{"href":"https:\/\/www.radiochiloe.cl\/index.php?rest_route=%2Fwp%2Fv2%2Fmedia&parent=2794"}],"wp:term":[{"taxonomy":"category","embeddable":true,"href":"https:\/\/www.radiochiloe.cl\/index.php?rest_route=%2Fwp%2Fv2%2Fcategories&post=2794"},{"taxonomy":"post_tag","embeddable":true,"href":"https:\/\/www.radiochiloe.cl\/index.php?rest_route=%2Fwp%2Fv2%2Ftags&post=2794"}],"curies":[{"name":"wp","href":"https:\/\/api.w.org\/{rel}","templated":true}]}}