{"id":2814,"date":"2012-08-09T17:20:32","date_gmt":"2012-08-09T21:20:32","guid":{"rendered":"http:\/\/www.radiochiloe.cl\/?p=2814"},"modified":"2012-08-09T17:20:32","modified_gmt":"2012-08-09T21:20:32","slug":"director-de-fonasa-gracias-a-nuestra-fiscalizacion-hemos-sacado-del-tramo-a-un-millon-y-medio-de-no-indigentes","status":"publish","type":"post","link":"https:\/\/www.radiochiloe.cl\/?p=2814","title":{"rendered":"Director de Fonasa: \u201cGracias a nuestra fiscalizaci\u00f3n, hemos sacado del tramo A un mill\u00f3n y medio de no indigentes\u201d"},"content":{"rendered":"<p style=\"text-align: justify;\">El Director Nacional de Fonasa, Mikel Uriarte, se refiri\u00f3 hoy a los avances que ha logrado la instituci\u00f3n en la detecci\u00f3n y reclasificaci\u00f3n de personas que figuraban como carentes de recursos, en tramo A, en circunstancias que s\u00ed reciben ingresos.<\/p>\n<p style=\"text-align: justify;\">\u201cCuando asumimos este gobierno, hab\u00eda casi 5 millones de personas en el tramo A. Hoy, los \u00faltimos datos apunta que son 3,2 millones de personas, lo que es m\u00e1s coincidente con las cifras del Ministerio de Desarrollo Social, que cifra en 2,6 millones las personas pobres. Esta es la cifra m\u00e1s baja hist\u00f3rica de personas en tramo A, pues siempre hab\u00eda sido el m\u00e1s numeroso. Pero tambi\u00e9n hemos reclasificado a los que est\u00e1n en los tramos B, C y D. Ha sido un trabajo tit\u00e1nico, pero nos ha permitido recaudar $600 millones de d\u00f3lares anuales en los \u00faltimos dos a\u00f1os, lo que nos permite aumentar los cupos en programas de salud, implementar la libre elecci\u00f3n para las personas con pensi\u00f3n b\u00e1sica solidaria, etc.\u201d, enfatiz\u00f3.<\/p>\n<p style=\"text-align: justify;\">Record\u00f3 que desde 2010 Fonasa inici\u00f3 un trabajo en conjunto con el Servicio de Impuestos Internos (SII) para cruzar las bases de datos. \u201cAs\u00ed, pudimos sacar un mill\u00f3n y medio de personas que figuraban en el tramo A y no eran indigentes; m\u00e1s a\u00fan, hab\u00eda personas que ganaban m\u00e1s de $5 millones. Eso r\u00e1pidamente se fue corrigiendo y focalizando los recursos en quienes realmente lo necesitan\u201d, sostuvo.<\/p>\n<p style=\"text-align: justify;\">A juicio de Uriarte, la mayor parte de los chilenos son honestos y pagan lo que corresponde para su salud. \u201cY son los mismos asegurados los que hoy est\u00e1n denunciando a quienes abusan del sistema\u201d, advirti\u00f3.<\/p>\n<p style=\"text-align: justify;\">Departamento de Prensa<\/p>\n","protected":false},"excerpt":{"rendered":"<p>El Director Nacional de Fonasa, Mikel Uriarte, se refiri\u00f3 hoy a los avances que ha logrado la instituci\u00f3n en la detecci\u00f3n y reclasificaci\u00f3n de personas que figuraban como carentes de recursos, en tramo A, en circunstancias que s\u00ed reciben ingresos. \u201cCuando asumimos este gobierno, hab\u00eda casi 5 millones de personas en el tramo A. Hoy, [&hellip;]<\/p>\n","protected":false},"author":2,"featured_media":2815,"comment_status":"open","ping_status":"open","sticky":false,"template":"","format":"standard","meta":[],"categories":[3],"tags":[5],"jetpack_featured_media_url":"https:\/\/www.radiochiloe.cl\/wp-content\/uploads\/2012\/08\/falsosindigentes.jpg","_links":{"self":[{"href":"https:\/\/www.radiochiloe.cl\/index.php?rest_route=\/wp\/v2\/posts\/2814"}],"collection":[{"href":"https:\/\/www.radiochiloe.cl\/index.php?rest_route=\/wp\/v2\/posts"}],"about":[{"href":"https:\/\/www.radiochiloe.cl\/index.php?rest_route=\/wp\/v2\/types\/post"}],"author":[{"embeddable":true,"href":"https:\/\/www.radiochiloe.cl\/index.php?rest_route=\/wp\/v2\/users\/2"}],"replies":[{"embeddable":true,"href":"https:\/\/www.radiochiloe.cl\/index.php?rest_route=%2Fwp%2Fv2%2Fcomments&post=2814"}],"version-history":[{"count":2,"href":"https:\/\/www.radiochiloe.cl\/index.php?rest_route=\/wp\/v2\/posts\/2814\/revisions"}],"predecessor-version":[{"id":2817,"href":"https:\/\/www.radiochiloe.cl\/index.php?rest_route=\/wp\/v2\/posts\/2814\/revisions\/2817"}],"wp:featuredmedia":[{"embeddable":true,"href":"https:\/\/www.radiochiloe.cl\/index.php?rest_route=\/wp\/v2\/media\/2815"}],"wp:attachment":[{"href":"https:\/\/www.radiochiloe.cl\/index.php?rest_route=%2Fwp%2Fv2%2Fmedia&parent=2814"}],"wp:term":[{"taxonomy":"category","embeddable":true,"href":"https:\/\/www.radiochiloe.cl\/index.php?rest_route=%2Fwp%2Fv2%2Fcategories&post=2814"},{"taxonomy":"post_tag","embeddable":true,"href":"https:\/\/www.radiochiloe.cl\/index.php?rest_route=%2Fwp%2Fv2%2Ftags&post=2814"}],"curies":[{"name":"wp","href":"https:\/\/api.w.org\/{rel}","templated":true}]}}