{"id":2818,"date":"2012-08-09T17:24:43","date_gmt":"2012-08-09T21:24:43","guid":{"rendered":"http:\/\/www.radiochiloe.cl\/?p=2818"},"modified":"2012-08-09T17:24:43","modified_gmt":"2012-08-09T21:24:43","slug":"senador-escalona-se-reunio-con-pescadores-artesanales-de-calbuco-y-chiloe","status":"publish","type":"post","link":"https:\/\/www.radiochiloe.cl\/?p=2818","title":{"rendered":"Senador Escalona se reuni\u00f3 con pescadores artesanales de Calbuco y Chilo\u00e9"},"content":{"rendered":"<p style=\"text-align: justify;\">El presidente del Senado y senador por la regi\u00f3n de Los Lagos, Camilo Escalona, se reuni\u00f3 con dirigentes de la pesca artesanal de la D\u00e9cima Regi\u00f3n, encabezados por Alberto Millaqu\u00e9n y Segundo Herrera.<\/p>\n<p style=\"text-align: justify;\">\u201cHemos sostenido una reuni\u00f3n con pescadores artesanales, correspondientes a las comunas de Calbuco y Ancud. Ellos est\u00e1n preocupados por el curso de la discusi\u00f3n de la ley de pesca, instalada en el Senado, despu\u00e9s de su paso por la C\u00e1mara de Diputados\u201d, dijo el senador.<\/p>\n<p style=\"text-align: justify;\">\u201cA ellos les importa que la entrega de los recursos a perpetuidad, que pretenden algunos sectores, para favorecer exclusivamente los intereses del sector industrial, se pueda corregir esa pretensi\u00f3n en el Senado, as\u00ed como que se puedan salvaguardar sus propios intereses como participantes del esfuerzo del sector pesquero, en lo que se refiere a las aguas interiores, que son aquellas donde ancestralmente, desde ante de la llegada del colonialista espa\u00f1ol, se instal\u00f3 el esfuerzo pesquero en el caso de la regi\u00f3n de Los Lagos\u201d, se\u00f1al\u00f3.<\/p>\n<p style=\"text-align: justify;\">\u201cAl mismo tiempo, observan con preocupaci\u00f3n que hay un conjunto de disposiciones que van en la direcci\u00f3n de facilitar el esfuerzo del sector industrial y perjudicar al sector de la pesca artesanal\u201d, sostuvo.<\/p>\n<p style=\"text-align: justify;\">\u201cEspero que sus puntos de vista sean debidamente escuchados en la comisi\u00f3n (de Pesca del Senado) y tomados en cuenta con el prop\u00f3sito de lograr, finalmente, que los aspectos m\u00e1s graves y da\u00f1inos para la pesca artesanal que tiene este proyecto, puedan ser rectificados en el trabajo del Senado\u201d, declar\u00f3. La reuni\u00f3n se desarroll\u00f3 en la oficina de la presidencia del Senado.<\/p>\n<p style=\"text-align: justify;\">Departamento de Prensa<\/p>\n","protected":false},"excerpt":{"rendered":"<p>El presidente del Senado y senador por la regi\u00f3n de Los Lagos, Camilo Escalona, se reuni\u00f3 con dirigentes de la pesca artesanal de la D\u00e9cima Regi\u00f3n, encabezados por Alberto Millaqu\u00e9n y Segundo Herrera. \u201cHemos sostenido una reuni\u00f3n con pescadores artesanales, correspondientes a las comunas de Calbuco y Ancud. Ellos est\u00e1n preocupados por el curso de [&hellip;]<\/p>\n","protected":false},"author":2,"featured_media":2819,"comment_status":"open","ping_status":"open","sticky":false,"template":"","format":"standard","meta":[],"categories":[3],"tags":[5],"jetpack_featured_media_url":"https:\/\/www.radiochiloe.cl\/wp-content\/uploads\/2012\/08\/pescadores.jpg","_links":{"self":[{"href":"https:\/\/www.radiochiloe.cl\/index.php?rest_route=\/wp\/v2\/posts\/2818"}],"collection":[{"href":"https:\/\/www.radiochiloe.cl\/index.php?rest_route=\/wp\/v2\/posts"}],"about":[{"href":"https:\/\/www.radiochiloe.cl\/index.php?rest_route=\/wp\/v2\/types\/post"}],"author":[{"embeddable":true,"href":"https:\/\/www.radiochiloe.cl\/index.php?rest_route=\/wp\/v2\/users\/2"}],"replies":[{"embeddable":true,"href":"https:\/\/www.radiochiloe.cl\/index.php?rest_route=%2Fwp%2Fv2%2Fcomments&post=2818"}],"version-history":[{"count":1,"href":"https:\/\/www.radiochiloe.cl\/index.php?rest_route=\/wp\/v2\/posts\/2818\/revisions"}],"predecessor-version":[{"id":2820,"href":"https:\/\/www.radiochiloe.cl\/index.php?rest_route=\/wp\/v2\/posts\/2818\/revisions\/2820"}],"wp:featuredmedia":[{"embeddable":true,"href":"https:\/\/www.radiochiloe.cl\/index.php?rest_route=\/wp\/v2\/media\/2819"}],"wp:attachment":[{"href":"https:\/\/www.radiochiloe.cl\/index.php?rest_route=%2Fwp%2Fv2%2Fmedia&parent=2818"}],"wp:term":[{"taxonomy":"category","embeddable":true,"href":"https:\/\/www.radiochiloe.cl\/index.php?rest_route=%2Fwp%2Fv2%2Fcategories&post=2818"},{"taxonomy":"post_tag","embeddable":true,"href":"https:\/\/www.radiochiloe.cl\/index.php?rest_route=%2Fwp%2Fv2%2Ftags&post=2818"}],"curies":[{"name":"wp","href":"https:\/\/api.w.org\/{rel}","templated":true}]}}