{"id":2828,"date":"2012-08-10T08:30:17","date_gmt":"2012-08-10T12:30:17","guid":{"rendered":"http:\/\/www.radiochiloe.cl\/?p=2828"},"modified":"2012-08-09T23:09:30","modified_gmt":"2012-08-10T03:09:30","slug":"municipalidad-de-castro-potencia-trabajo-con-adultos-mayores","status":"publish","type":"post","link":"https:\/\/www.radiochiloe.cl\/?p=2828","title":{"rendered":"Municipalidad de Castro potencia trabajo con adultos mayores"},"content":{"rendered":"<p style=\"text-align: justify;\">Cursos de alfabetizaci\u00f3n digital, clases deportivas, son por mencionar algunas de las actividades que se est\u00e1n llevando a cabo \u00faltimamente.<\/p>\n<p style=\"text-align: justify;\">Emocionados y agradecidos se mostraron los 20 adultos mayores de la comuna de Castro que la tarde de este jueves recibieron su certificado, tras haber participado de un curso de alfabetizaci\u00f3n digital que organiz\u00f3 la Municipalidad en conjunto con la Universidad de Los Lagos (ULA).<\/p>\n<p style=\"text-align: justify;\">Precisamente en dependencias de esta casa de estudios se llev\u00f3 a cabo en horas de la tarde de ayer el evento en el que los entusiastas abuelitos, dirigentes de distintos Clubes de Adultos Mayores, compartieron con el alcalde de la comuna de Castro, Nelson \u00c1guila Serpa, funcionarios de la ULA y del Departamento de Organizaciones Comunitarias del municipio local, quienes fueron los responsables de llevar adelante esta novedosa iniciativa, que pretend\u00eda abrir nuevos espacios a este sector et\u00e1reo de la poblaci\u00f3n tan importante.<\/p>\n<p style=\"text-align: justify;\">La intenci\u00f3n del municipio de la capital chilota no ha sido otra que apoyar y motivar la participaci\u00f3n de los adultos mayores de la comuna, los que constantemente est\u00e1n solicitando se organicen actividades dirigidas hacia ellos.<\/p>\n<p style=\"text-align: justify;\">Seg\u00fan lo expuesto por el alcalde Nelson \u00c1guila, \u201cnosotros hace tiempo nos planteamos como Municipalidad el tema de la capacitaci\u00f3n digital, y en el mes de abril de este a\u00f1o varios dirigentes de clubes de adultos mayores plantearon que quer\u00edan trabajar en esto y en actividades deportivas, y precisamente el Departamento de Organizaciones Comunitarias representa al municipio en el trabajo con los adultos mayores\u201d.<\/p>\n<p style=\"text-align: justify;\">As\u00ed, desde el lunes 18 de junio y hasta el 5 de julio los alumnos estuvieron participando de este curso, asistiendo sistem\u00e1ticamente a clases los d\u00edas lunes y jueves en los laboratorios de computaci\u00f3n de la Universidad, correspondiendo pr\u00e1ctica los d\u00edas mi\u00e9rcoles.<\/p>\n<p style=\"text-align: justify;\">\u201cMe siento feliz de haber obtenido este certificado y doy las gracias al alcalde por las gestiones que \u00e9l hace con su equipo de trabajo, porque cuando uno acude a las oficinas le dan a conocer las actividades que se est\u00e1n planificando para nosotros los adultos mayores\u201d, dijo la vecina del sector rural de Quento, Marlene Barr\u00eda, quien agreg\u00f3 adem\u00e1s que, \u201cme gust\u00f3 mucho poder compartir con otras personas y ojala se sigan haciendo m\u00e1s cosas para nosotros\u201d.<\/p>\n<p style=\"text-align: justify;\">Asimismo, desde el mes de mayo se ha estado llevando a cabo taller de baile entretenido que parti\u00f3 y que se est\u00e1 concentrando en dependencias del Polideportivo Educacional. Las clases se desarrollan los d\u00edas lunes y viernes de 10:30 a 11:30 horas, y en ellas est\u00e1n participando principalmente socios de los diferentes clubes de adultos mayores que hay en la comuna.<\/p>\n<p style=\"text-align: justify;\">Finalmente, mencionar que la Municipalidad de Castro est\u00e1 trabajando en la realizaci\u00f3n de una actividad denominada \u201cPasamos Agosto\u201d, iniciativa que ser\u00e1 dada a conocer a la comunidad prontamente y donde desde ya se invita a todos a poder participar activamente de cada uno de los panoramas que se est\u00e1n planificando.<\/p>\n<p style=\"text-align: justify;\">Departamento de Prensa<\/p>\n","protected":false},"excerpt":{"rendered":"<p>Cursos de alfabetizaci\u00f3n digital, clases deportivas, son por mencionar algunas de las actividades que se est\u00e1n llevando a cabo \u00faltimamente. Emocionados y agradecidos se mostraron los 20 adultos mayores de la comuna de Castro que la tarde de este jueves recibieron su certificado, tras haber participado de un curso de alfabetizaci\u00f3n digital que organiz\u00f3 la [&hellip;]<\/p>\n","protected":false},"author":2,"featured_media":2829,"comment_status":"open","ping_status":"open","sticky":false,"template":"","format":"standard","meta":[],"categories":[3],"tags":[5],"jetpack_featured_media_url":"https:\/\/www.radiochiloe.cl\/wp-content\/uploads\/2012\/08\/ancianos.jpg","_links":{"self":[{"href":"https:\/\/www.radiochiloe.cl\/index.php?rest_route=\/wp\/v2\/posts\/2828"}],"collection":[{"href":"https:\/\/www.radiochiloe.cl\/index.php?rest_route=\/wp\/v2\/posts"}],"about":[{"href":"https:\/\/www.radiochiloe.cl\/index.php?rest_route=\/wp\/v2\/types\/post"}],"author":[{"embeddable":true,"href":"https:\/\/www.radiochiloe.cl\/index.php?rest_route=\/wp\/v2\/users\/2"}],"replies":[{"embeddable":true,"href":"https:\/\/www.radiochiloe.cl\/index.php?rest_route=%2Fwp%2Fv2%2Fcomments&post=2828"}],"version-history":[{"count":2,"href":"https:\/\/www.radiochiloe.cl\/index.php?rest_route=\/wp\/v2\/posts\/2828\/revisions"}],"predecessor-version":[{"id":2831,"href":"https:\/\/www.radiochiloe.cl\/index.php?rest_route=\/wp\/v2\/posts\/2828\/revisions\/2831"}],"wp:featuredmedia":[{"embeddable":true,"href":"https:\/\/www.radiochiloe.cl\/index.php?rest_route=\/wp\/v2\/media\/2829"}],"wp:attachment":[{"href":"https:\/\/www.radiochiloe.cl\/index.php?rest_route=%2Fwp%2Fv2%2Fmedia&parent=2828"}],"wp:term":[{"taxonomy":"category","embeddable":true,"href":"https:\/\/www.radiochiloe.cl\/index.php?rest_route=%2Fwp%2Fv2%2Fcategories&post=2828"},{"taxonomy":"post_tag","embeddable":true,"href":"https:\/\/www.radiochiloe.cl\/index.php?rest_route=%2Fwp%2Fv2%2Ftags&post=2828"}],"curies":[{"name":"wp","href":"https:\/\/api.w.org\/{rel}","templated":true}]}}