{"id":2832,"date":"2012-08-10T09:30:00","date_gmt":"2012-08-10T13:30:00","guid":{"rendered":"http:\/\/www.radiochiloe.cl\/?p=2832"},"modified":"2012-08-09T23:16:24","modified_gmt":"2012-08-10T03:16:24","slug":"concejal-vera-destaco-cambios-a-la-actual-ley-que-regula-instalacion-de-antenas-celulares","status":"publish","type":"post","link":"https:\/\/www.radiochiloe.cl\/?p=2832","title":{"rendered":"Concejal Vera destac\u00f3 cambios a la actual ley que regula instalaci\u00f3n de antenas celulares"},"content":{"rendered":"<p style=\"text-align: justify;\">\u201cMe parece un gran avance lo ocurrido en la C\u00e1mara de Diputados quienes estipularon que se regule la instalaci\u00f3n de torres de soporte de antenas emisoras y transmisoras de servicios de telecomunicaciones, entre las que se incluye las de antenas de telefon\u00eda celular\u201d.<\/p>\n<p style=\"text-align: justify;\">As\u00ed lo indic\u00f3 el concejal Juan Eduardo Vera quien precis\u00f3 que se pretende establecer un mecanismo de resoluci\u00f3n de conflictos, frente a las controversias que se susciten entre los operadores, respecto del monto que deben pagar por la colocalizaci\u00f3n. Adem\u00e1s, establecen los plazos que deben disponer los concesionarios, para ajustar las torres ya instaladas en zonas de inter\u00e9s tur\u00edstico.<\/p>\n<p style=\"text-align: justify;\">Acot\u00f3 Vera que la modificaci\u00f3n a la ley, adem\u00e1s prescribe que en caso de no existir acuerdo entre los operadores en el monto a que deben ascender los pagos por la instalaci\u00f3n, dentro de los sesenta d\u00edas siguientes a la fecha en que se materializ\u00f3 la respectiva colocalizaci\u00f3n, se deber\u00e1 someter la controversia al conocimiento y fallo de un \u00e1rbitro arbitrador.<\/p>\n<p style=\"text-align: justify;\">\u201cEn particular, si como consecuencia de dichas inversiones adicionales, se altera la altura o la envergadura de la infraestructura de soporte de antenas, las autorizaciones y requisitos que se establecen en la ley para el emplazamiento deber\u00e1n ser asumidos plenamente por el requirente\u201d, clarific\u00f3 el concejal castre\u00f1o.<\/p>\n<p style=\"text-align: justify;\">Asimismo, ser\u00e1n de cuenta del operador tanto los costos y gastos necesarios para su operaci\u00f3n y mantenimiento, como tambi\u00e9n el costo equivalente al valor nuevo de reemplazo de dicha torre, entendido como el costo de renovar todas las obras, instalaciones y bienes f\u00edsicos necesarios para su emplazamiento.<\/p>\n<p style=\"text-align: justify;\">Tambi\u00e9n correr\u00e1n por su cuenta otros gastos, como las rentas de arrendamiento y otras semejantes, las compensaciones o indemnizaciones, los derechos o los pagos asociados a eventuales servidumbres, todo ello calculado seg\u00fan la tasa de descuento correspondiente.<\/p>\n<p style=\"text-align: justify;\">\u201cEntre los derechos, no se podr\u00e1n incluir los que haya concedido el Estado a t\u00edtulo gratuito ni los pagos realizados en el caso de concesiones obtenidas mediante licitaci\u00f3n. El proyecto fue enviado al Senado, a cumplir su segundo tr\u00e1mite constitucional\u201d, concluy\u00f3 Juan Eduardo Vera.<\/p>\n<p style=\"text-align: justify;\">Departamento de Prensa<\/p>\n","protected":false},"excerpt":{"rendered":"<p>\u201cMe parece un gran avance lo ocurrido en la C\u00e1mara de Diputados quienes estipularon que se regule la instalaci\u00f3n de torres de soporte de antenas emisoras y transmisoras de servicios de telecomunicaciones, entre las que se incluye las de antenas de telefon\u00eda celular\u201d. As\u00ed lo indic\u00f3 el concejal Juan Eduardo Vera quien precis\u00f3 que se [&hellip;]<\/p>\n","protected":false},"author":2,"featured_media":2833,"comment_status":"open","ping_status":"open","sticky":false,"template":"","format":"standard","meta":[],"categories":[3],"tags":[5],"jetpack_featured_media_url":"https:\/\/www.radiochiloe.cl\/wp-content\/uploads\/2012\/08\/antena.jpg","_links":{"self":[{"href":"https:\/\/www.radiochiloe.cl\/index.php?rest_route=\/wp\/v2\/posts\/2832"}],"collection":[{"href":"https:\/\/www.radiochiloe.cl\/index.php?rest_route=\/wp\/v2\/posts"}],"about":[{"href":"https:\/\/www.radiochiloe.cl\/index.php?rest_route=\/wp\/v2\/types\/post"}],"author":[{"embeddable":true,"href":"https:\/\/www.radiochiloe.cl\/index.php?rest_route=\/wp\/v2\/users\/2"}],"replies":[{"embeddable":true,"href":"https:\/\/www.radiochiloe.cl\/index.php?rest_route=%2Fwp%2Fv2%2Fcomments&post=2832"}],"version-history":[{"count":1,"href":"https:\/\/www.radiochiloe.cl\/index.php?rest_route=\/wp\/v2\/posts\/2832\/revisions"}],"predecessor-version":[{"id":2834,"href":"https:\/\/www.radiochiloe.cl\/index.php?rest_route=\/wp\/v2\/posts\/2832\/revisions\/2834"}],"wp:featuredmedia":[{"embeddable":true,"href":"https:\/\/www.radiochiloe.cl\/index.php?rest_route=\/wp\/v2\/media\/2833"}],"wp:attachment":[{"href":"https:\/\/www.radiochiloe.cl\/index.php?rest_route=%2Fwp%2Fv2%2Fmedia&parent=2832"}],"wp:term":[{"taxonomy":"category","embeddable":true,"href":"https:\/\/www.radiochiloe.cl\/index.php?rest_route=%2Fwp%2Fv2%2Fcategories&post=2832"},{"taxonomy":"post_tag","embeddable":true,"href":"https:\/\/www.radiochiloe.cl\/index.php?rest_route=%2Fwp%2Fv2%2Ftags&post=2832"}],"curies":[{"name":"wp","href":"https:\/\/api.w.org\/{rel}","templated":true}]}}