{"id":2835,"date":"2012-08-10T11:37:13","date_gmt":"2012-08-10T15:37:13","guid":{"rendered":"http:\/\/www.radiochiloe.cl\/?p=2835"},"modified":"2012-08-10T11:37:13","modified_gmt":"2012-08-10T15:37:13","slug":"en-hualaihue-realizaran-juicio-oral-por-femicidio","status":"publish","type":"post","link":"https:\/\/www.radiochiloe.cl\/?p=2835","title":{"rendered":"En Hualaihu\u00e9 realizar\u00e1n juicio oral por femicidio"},"content":{"rendered":"<p style=\"text-align: justify;\">(FOTO ARCHIVO)<\/p>\n<p style=\"text-align: justify;\">Acogiendo solicitud de Fiscal\u00eda, Tribunal Oral en lo Penal de Puerto Montt se trasladar\u00e1 por primera hasta la comuna de Hualaihu\u00e9, marcando as\u00ed un hito desde la instalaci\u00f3n de la Reforma Procesal Penal en la regi\u00f3n.<\/p>\n<p style=\"text-align: justify;\">Acogiendo una solicitud presentada por la Fiscal\u00eda, el Tribunal Oral en lo Penal de Puerto Montt, determin\u00f3 realizar en Hualaihu\u00e9 el juicio oral correspondiente a un femicidio ocurrido en esa comuna. El juicio fue fijado para el lunes 20 de Agosto, a las 11.00 horas, y el tribunal sesionar\u00e1 en dependencias del Juzgado de Letras y Garant\u00eda de esa comuna de la provincia de Palena.<\/p>\n<p style=\"text-align: justify;\">La realizaci\u00f3n en Hualaihu\u00e9 de este juicio oral es un hecho in\u00e9dito desde que se puso en vigencia la Reforma Procesal Penal en la regi\u00f3n de Los Lagos. Marcelo Maldonado Gonz\u00e1lez, Fiscal Jefe de Hualaihu\u00e9, se\u00f1al\u00f3 que \u201ceste juicio debe ser interpretado como una realidad de justicia, accesible a la mayor\u00eda de los ciudadanos, a\u00fan de localidades extremas, en una realidad que se construye con el esfuerzo de las diversas instituciones que tienen como funci\u00f3n p\u00fablica el ejercicio de acciones de justicia, esp\u00edritu que se aprecia tambi\u00e9n en los funcionarios de la Fiscal\u00eda de Hualaihu\u00e9\u201d.<\/p>\n<p style=\"text-align: justify;\">La causa que ser\u00e1 materia del juicio oral corresponde a la muerte de Mar\u00eda Honoria Calbucura Calbucura, hecho cuya investigaci\u00f3n estuvo a cargo del Fiscal Maldonado. De acuerdo a la acusaci\u00f3n presentada por el persecutor, el 27 de noviembre de 2011, en horas de la tarde, el imputado Sergio Antonio Villegas Barr\u00eda ingres\u00f3 al interior del domicilio que compart\u00eda con la v\u00edctima, ubicado en el Sector Lleguim\u00e1n. All\u00ed y haciendo uso de un elemento contundente, le propin\u00f3 diversos y reiterados golpes a la mujer que le causaron la muerte en el mismo lugar.<\/p>\n<p style=\"text-align: justify;\">De acuerdo a la acusaci\u00f3n fiscal, los hechos que se imputan a Villegas Barr\u00eda son constitutivos del delito de femicidio en grado de desarrollo de consumado y se le atribuye la calidad de autor. En cuanto a la pena solicitada, la Fiscal\u00eda est\u00e1 solicitando se sancione al acusado con una pena de 17 a\u00f1os de presidio mayor en su grado m\u00e1ximo.<\/p>\n<p style=\"text-align: justify;\">Como parte de la prueba ofrecer\u00e1 la Fiscal\u00eda de Hualaihu\u00e9 durante el juicio oral, se cuentan m\u00e1s de una decena de personas que han sido citas para que declaren en el juicio oral, as\u00ed como tambi\u00e9n se suma la presentaci\u00f3n de prueba documental y pericial.<\/p>\n<p style=\"text-align: justify;\">Departamento de Prensa<\/p>\n","protected":false},"excerpt":{"rendered":"<p>(FOTO ARCHIVO) Acogiendo solicitud de Fiscal\u00eda, Tribunal Oral en lo Penal de Puerto Montt se trasladar\u00e1 por primera hasta la comuna de Hualaihu\u00e9, marcando as\u00ed un hito desde la instalaci\u00f3n de la Reforma Procesal Penal en la regi\u00f3n. Acogiendo una solicitud presentada por la Fiscal\u00eda, el Tribunal Oral en lo Penal de Puerto Montt, determin\u00f3 [&hellip;]<\/p>\n","protected":false},"author":2,"featured_media":2836,"comment_status":"open","ping_status":"open","sticky":false,"template":"","format":"standard","meta":[],"categories":[3],"tags":[5],"jetpack_featured_media_url":"https:\/\/www.radiochiloe.cl\/wp-content\/uploads\/2012\/08\/control.jpg","_links":{"self":[{"href":"https:\/\/www.radiochiloe.cl\/index.php?rest_route=\/wp\/v2\/posts\/2835"}],"collection":[{"href":"https:\/\/www.radiochiloe.cl\/index.php?rest_route=\/wp\/v2\/posts"}],"about":[{"href":"https:\/\/www.radiochiloe.cl\/index.php?rest_route=\/wp\/v2\/types\/post"}],"author":[{"embeddable":true,"href":"https:\/\/www.radiochiloe.cl\/index.php?rest_route=\/wp\/v2\/users\/2"}],"replies":[{"embeddable":true,"href":"https:\/\/www.radiochiloe.cl\/index.php?rest_route=%2Fwp%2Fv2%2Fcomments&post=2835"}],"version-history":[{"count":2,"href":"https:\/\/www.radiochiloe.cl\/index.php?rest_route=\/wp\/v2\/posts\/2835\/revisions"}],"predecessor-version":[{"id":2838,"href":"https:\/\/www.radiochiloe.cl\/index.php?rest_route=\/wp\/v2\/posts\/2835\/revisions\/2838"}],"wp:featuredmedia":[{"embeddable":true,"href":"https:\/\/www.radiochiloe.cl\/index.php?rest_route=\/wp\/v2\/media\/2836"}],"wp:attachment":[{"href":"https:\/\/www.radiochiloe.cl\/index.php?rest_route=%2Fwp%2Fv2%2Fmedia&parent=2835"}],"wp:term":[{"taxonomy":"category","embeddable":true,"href":"https:\/\/www.radiochiloe.cl\/index.php?rest_route=%2Fwp%2Fv2%2Fcategories&post=2835"},{"taxonomy":"post_tag","embeddable":true,"href":"https:\/\/www.radiochiloe.cl\/index.php?rest_route=%2Fwp%2Fv2%2Ftags&post=2835"}],"curies":[{"name":"wp","href":"https:\/\/api.w.org\/{rel}","templated":true}]}}