{"id":2839,"date":"2012-08-10T11:53:20","date_gmt":"2012-08-10T15:53:20","guid":{"rendered":"http:\/\/www.radiochiloe.cl\/?p=2839"},"modified":"2012-08-10T11:53:20","modified_gmt":"2012-08-10T15:53:20","slug":"mineduc-examinara-la-infraestructura-de-675-establecimientos-de-la-region-de-los-lagos","status":"publish","type":"post","link":"https:\/\/www.radiochiloe.cl\/?p=2839","title":{"rendered":"Mineduc examinar\u00e1 la infraestructura de 675 establecimientos de la regi\u00f3n de Los Lagos"},"content":{"rendered":"<p style=\"text-align: justify;\">El Primer Censo Nacional de Infraestructura Escolar permitir\u00e1 conocer las condiciones reales de los recintos municipales del pa\u00eds, de tal forma de poder enfocar de mejor manera la inversi\u00f3n p\u00fablica en este \u00e1mbito.<\/p>\n<p style=\"text-align: justify;\">El Secretario Ministerial de Educaci\u00f3n de Los Lagos, Carlos Mu\u00f1oz, anunci\u00f3 que en septiembre comenzar\u00e1 la aplicaci\u00f3n del Censo Nacional de Infraestructura Escolar 2012 en nuestra regi\u00f3n. Este proceso, que se realiza por primera vez y se extender\u00e1 por tres meses, busca conocer la realidad de la infraestructura de todos los establecimientos municipales del pa\u00eds, llegando a un total de 5 mil 600 escuelas y liceos a nivel nacional, 675 de las cuales son de la regi\u00f3n de Los Lagos.<\/p>\n<p style=\"text-align: justify;\">\u201cEl Mineduc pretende recolectar esta informaci\u00f3n para definir y guiar las pol\u00edticas de inversi\u00f3n en infraestructura escolar. Con este censo sabremos cu\u00e1l es la situaci\u00f3n actual y cu\u00e1les son las deficiencias y necesidades de cada recinto educativo\u201d, indic\u00f3 el Seremi Mu\u00f1oz, quien destac\u00f3 que el proceso se realizar\u00e1 completamente en terreno y con la participaci\u00f3n de equipos regionales. \u201cEs evidente que las pol\u00edticas en materia de infraestructura escolar no pueden dise\u00f1arse exclusivamente desde Santiago. Este in\u00e9dito despliegue territorial, que nos permitir\u00e1 visitar escuelas en las 30 comunas de las provincias de Osorno, Llanquihue, Chilo\u00e9 y Palena nos permitir\u00e1 tener una mirada local que enriquecer\u00e1 las pol\u00edticas p\u00fablicas en esta materia\u201d, agreg\u00f3.<\/p>\n<p style=\"text-align: justify;\">La autoridad regional explic\u00f3 que la medici\u00f3n se enfocar\u00e1 en siete \u00e1reas: la seguridad y accesibilidad tanto al interior como al exterior de los establecimientos; instalaciones y servicios b\u00e1sicos; estado de las construcciones; servicios higi\u00e9nicos; \u00e1reas exteriores; d\u00e9ficit de recintos; y estimaci\u00f3n de capacidades m\u00e1ximas en funci\u00f3n de las salas de clases, dotaci\u00f3n sanitaria y patios.<\/p>\n<p style=\"text-align: justify;\">\u201cLos resultados se conocer\u00e1n durante el primer semestre de 2013, y a partir de entonces habr\u00e1 importantes recursos que ser\u00e1n destinados a suplir las principales necesidades detectadas\u201d, se\u00f1al\u00f3 el Seremi Carlos Mu\u00f1oz.<\/p>\n<p style=\"text-align: justify;\">Departamento de Prensa<\/p>\n","protected":false},"excerpt":{"rendered":"<p>El Primer Censo Nacional de Infraestructura Escolar permitir\u00e1 conocer las condiciones reales de los recintos municipales del pa\u00eds, de tal forma de poder enfocar de mejor manera la inversi\u00f3n p\u00fablica en este \u00e1mbito. El Secretario Ministerial de Educaci\u00f3n de Los Lagos, Carlos Mu\u00f1oz, anunci\u00f3 que en septiembre comenzar\u00e1 la aplicaci\u00f3n del Censo Nacional de Infraestructura [&hellip;]<\/p>\n","protected":false},"author":2,"featured_media":2840,"comment_status":"open","ping_status":"open","sticky":false,"template":"","format":"standard","meta":[],"categories":[3],"tags":[5],"jetpack_featured_media_url":"https:\/\/www.radiochiloe.cl\/wp-content\/uploads\/2012\/08\/escuela.jpg","_links":{"self":[{"href":"https:\/\/www.radiochiloe.cl\/index.php?rest_route=\/wp\/v2\/posts\/2839"}],"collection":[{"href":"https:\/\/www.radiochiloe.cl\/index.php?rest_route=\/wp\/v2\/posts"}],"about":[{"href":"https:\/\/www.radiochiloe.cl\/index.php?rest_route=\/wp\/v2\/types\/post"}],"author":[{"embeddable":true,"href":"https:\/\/www.radiochiloe.cl\/index.php?rest_route=\/wp\/v2\/users\/2"}],"replies":[{"embeddable":true,"href":"https:\/\/www.radiochiloe.cl\/index.php?rest_route=%2Fwp%2Fv2%2Fcomments&post=2839"}],"version-history":[{"count":2,"href":"https:\/\/www.radiochiloe.cl\/index.php?rest_route=\/wp\/v2\/posts\/2839\/revisions"}],"predecessor-version":[{"id":2842,"href":"https:\/\/www.radiochiloe.cl\/index.php?rest_route=\/wp\/v2\/posts\/2839\/revisions\/2842"}],"wp:featuredmedia":[{"embeddable":true,"href":"https:\/\/www.radiochiloe.cl\/index.php?rest_route=\/wp\/v2\/media\/2840"}],"wp:attachment":[{"href":"https:\/\/www.radiochiloe.cl\/index.php?rest_route=%2Fwp%2Fv2%2Fmedia&parent=2839"}],"wp:term":[{"taxonomy":"category","embeddable":true,"href":"https:\/\/www.radiochiloe.cl\/index.php?rest_route=%2Fwp%2Fv2%2Fcategories&post=2839"},{"taxonomy":"post_tag","embeddable":true,"href":"https:\/\/www.radiochiloe.cl\/index.php?rest_route=%2Fwp%2Fv2%2Ftags&post=2839"}],"curies":[{"name":"wp","href":"https:\/\/api.w.org\/{rel}","templated":true}]}}