{"id":2843,"date":"2012-08-10T15:30:09","date_gmt":"2012-08-10T19:30:09","guid":{"rendered":"http:\/\/www.radiochiloe.cl\/?p=2843"},"modified":"2012-08-10T12:05:35","modified_gmt":"2012-08-10T16:05:35","slug":"la-region-de-los-lagos-se-prepara-para-la-gran-fiesta-de-la-ciencia-y-la-tecnologia","status":"publish","type":"post","link":"https:\/\/www.radiochiloe.cl\/?p=2843","title":{"rendered":"La regi\u00f3n de Los Lagos se prepara para la gran fiesta de la ciencia y la tecnolog\u00eda"},"content":{"rendered":"<p style=\"text-align: justify;\">Con variadas actividades, la Coordinaci\u00f3n Regional del Programa EXPLORA CONICYT espera congregar este a\u00f1o a m\u00e1s 15 mil personas.<\/p>\n<p style=\"text-align: justify;\">Como cada a\u00f1o, la Coordinaci\u00f3n Regional del Programa EXPLORA CONICYT, a cargo de la Universidad de Los Lagos, se encuentra preparando una gran variedad de actividades concernientes a celebrar, durante este segundo semestre, la Semana de la Ciencia y la Tecnolog\u00eda y el Congreso Regional EXPLORA CONICYT.<\/p>\n<p style=\"text-align: justify;\">En este sentido para la primera semana de octubre se contempla la realizaci\u00f3n de la celebraci\u00f3n a nivel nacional de la Semana de la Ciencia y la Tecnolog\u00eda, ocasi\u00f3n en la que se realizar\u00e1n las ya tradicionales actividades; El d\u00eda de la Ciencia en mi Colegio, 1000 Cient\u00edficos 1000 Aulas, rutas patrimoniales, laboratorios y museos abiertos y a esto se suma la novedosa iniciativa de los carros aleg\u00f3ricos con motivos cient\u00edficos y la cicletada patrimonial.<\/p>\n<p style=\"text-align: justify;\">De la misma forma durante los d\u00edas 24, 25 y 26 de octubre se realizar\u00e1 el Congreso Regional EXPLORA CONICYT, ocasi\u00f3n en la que alumnos de toda la regi\u00f3n desde quinto b\u00e1sico a tercero medio, presentar\u00e1n sus proyectos cient\u00edficos que ser\u00e1n expuestos ante la comunidad y evaluados por un competente jurado. Cabe destacar que los ganadores del Congreso Regional, tanto de ense\u00f1anza b\u00e1sica, como de ense\u00f1anza media, ser\u00e1n quienes representen a nuestra regi\u00f3n en el Congreso Nacional, que este a\u00f1o se celebrar\u00e1 en la regi\u00f3n de Atacama.<\/p>\n<p style=\"text-align: justify;\">Al respecto, el Coordinador Regional del Programa EXPLORA CONICYT, Marcos Hern\u00e1ndez realiz\u00f3 un llamado a los establecimientos educacionales de todas las comunas de la regi\u00f3n a participar de estas actividades cuyo objetivo principal es acercar la Ciencia y La Tecnolog\u00eda a la comunidad. En este sentido Hern\u00e1ndez destac\u00f3; \u201cestamos coordinando una diversidad de actividades que pretenden congregar a un gran n\u00famero de personas que se interesen por conocer las caracter\u00edsticas de nuestro programa y en especial estamos convocando a los profesores y educadores de la regi\u00f3n de Los Lagos para que sean parte de las diferentes actividades que desarrollaremos en Pro de inculcar la capacidad de apropiaci\u00f3n de los beneficios de la Ciencia y Tecnolog\u00eda por parte de la comunidad, fomentando la cultura cient\u00edfica del pa\u00eds\u201d<\/p>\n<p style=\"text-align: justify;\">Feria Ant\u00e1rtica Escolar FAE<\/p>\n<p style=\"text-align: justify;\">Otra interesante actividad es la que se encuentra desarrollando el Programa EXPLORA CONICYT en el marco de la realizaci\u00f3n de la pr\u00f3xima Feria Ant\u00e1rtica Escolar 2012 a realizarse en la ciudad de Puerto Natales los d\u00edas 8, 9 , 10 de noviembre.<\/p>\n<p style=\"text-align: justify;\">En este sentido para la difusi\u00f3n de esta actividad organizada por Instituto Ant\u00e1rtico Chileno y la Fuerza A\u00e9rea de Chile, con el patrocinio del Programa EXPLORA CONICYT, se realizar\u00e1n sendas charlas cient\u00edficas con tem\u00e1ticas relacionadas al mundo ant\u00e1rtico en las ciudades de Purranque, Puerto Varas y Chonchi, los d\u00edas 13, 14 y 16 de agosto, respectivamente.<\/p>\n<p style=\"text-align: justify;\">Los establecimientos educacionales interesados en participar de estas actividades deben contactarse al E mail: exploraloslagos@ulagos.cl<\/p>\n<p style=\"text-align: justify;\">\nDepartamento de Prensa<\/p>\n","protected":false},"excerpt":{"rendered":"<p>Con variadas actividades, la Coordinaci\u00f3n Regional del Programa EXPLORA CONICYT espera congregar este a\u00f1o a m\u00e1s 15 mil personas. Como cada a\u00f1o, la Coordinaci\u00f3n Regional del Programa EXPLORA CONICYT, a cargo de la Universidad de Los Lagos, se encuentra preparando una gran variedad de actividades concernientes a celebrar, durante este segundo semestre, la Semana de [&hellip;]<\/p>\n","protected":false},"author":2,"featured_media":2844,"comment_status":"open","ping_status":"open","sticky":false,"template":"","format":"standard","meta":[],"categories":[3],"tags":[5],"jetpack_featured_media_url":"https:\/\/www.radiochiloe.cl\/wp-content\/uploads\/2012\/08\/laboratorio.jpg","_links":{"self":[{"href":"https:\/\/www.radiochiloe.cl\/index.php?rest_route=\/wp\/v2\/posts\/2843"}],"collection":[{"href":"https:\/\/www.radiochiloe.cl\/index.php?rest_route=\/wp\/v2\/posts"}],"about":[{"href":"https:\/\/www.radiochiloe.cl\/index.php?rest_route=\/wp\/v2\/types\/post"}],"author":[{"embeddable":true,"href":"https:\/\/www.radiochiloe.cl\/index.php?rest_route=\/wp\/v2\/users\/2"}],"replies":[{"embeddable":true,"href":"https:\/\/www.radiochiloe.cl\/index.php?rest_route=%2Fwp%2Fv2%2Fcomments&post=2843"}],"version-history":[{"count":1,"href":"https:\/\/www.radiochiloe.cl\/index.php?rest_route=\/wp\/v2\/posts\/2843\/revisions"}],"predecessor-version":[{"id":2845,"href":"https:\/\/www.radiochiloe.cl\/index.php?rest_route=\/wp\/v2\/posts\/2843\/revisions\/2845"}],"wp:featuredmedia":[{"embeddable":true,"href":"https:\/\/www.radiochiloe.cl\/index.php?rest_route=\/wp\/v2\/media\/2844"}],"wp:attachment":[{"href":"https:\/\/www.radiochiloe.cl\/index.php?rest_route=%2Fwp%2Fv2%2Fmedia&parent=2843"}],"wp:term":[{"taxonomy":"category","embeddable":true,"href":"https:\/\/www.radiochiloe.cl\/index.php?rest_route=%2Fwp%2Fv2%2Fcategories&post=2843"},{"taxonomy":"post_tag","embeddable":true,"href":"https:\/\/www.radiochiloe.cl\/index.php?rest_route=%2Fwp%2Fv2%2Ftags&post=2843"}],"curies":[{"name":"wp","href":"https:\/\/api.w.org\/{rel}","templated":true}]}}