{"id":2846,"date":"2012-08-10T16:30:30","date_gmt":"2012-08-10T20:30:30","guid":{"rendered":"http:\/\/www.radiochiloe.cl\/?p=2846"},"modified":"2012-08-10T12:09:29","modified_gmt":"2012-08-10T16:09:29","slug":"agricultores-ancuditanos-se-capacitaron-en-elaboracion-de-quesos","status":"publish","type":"post","link":"https:\/\/www.radiochiloe.cl\/?p=2846","title":{"rendered":"Agricultores ancuditanos se capacitaron en elaboraci\u00f3n de quesos"},"content":{"rendered":"<p style=\"text-align: justify;\">Con la idea de potenciar la elaboraci\u00f3n de quesos en Ancud, un total de 20 agricultores del Prodesal y 10 alumnos del Liceo Agr\u00edcola de esa comuna, participaron de un curso de producci\u00f3n del alimento desarrollado en las dependencias del recinto educacional.<\/p>\n<p style=\"text-align: justify;\">Venidos desde distintos puntos de la tierra del Pudeto, los emprendedores manifestaron su satisfacci\u00f3n por poder mejorar su labor artesanal.<\/p>\n<p style=\"text-align: justify;\">\u201cEs algo fenomenal, porque no ten\u00eda estos conocimientos y me permitir\u00e1 hacer nuevos quesos, tener m\u00e1s variedades, lo que es sensacional porque uno usa la receta de la abuelita y esto es algo innovador\u201d, dijo Maritza Paillaleve de Pumillahue.<\/p>\n<p style=\"text-align: justify;\">Se pretende que los microempresarios puedan formalizar su actividad en un futuro cercano, buscando incrementar sus ingresos.<\/p>\n<p style=\"text-align: justify;\">\u201cEl objetivo es ense\u00f1arle la parte t\u00e9cnica, reforzando algunos puntos cr\u00edticos en que estaban fallando. Es como el trampol\u00edn para que puedan optar a la resoluci\u00f3n sanitaria y de paso darle valor agregado a sus productos\u201d, V\u00edctor Fuentealba, jefe t\u00e9cnico del m\u00f3dulo 4 de Prodesal.<\/p>\n<p style=\"text-align: justify;\">El uniformar la calidad, reconociendo el mote de comuna quesera que posee Ancud, fue visto como otro de los puntos rescatables de la capacitaci\u00f3n.<\/p>\n<p style=\"text-align: justify;\">\u201cEsto es muy gratificante para el liceo porque los agricultores est\u00e1n muy a gusto, entusiasmados por incorporar algunas cosas b\u00e1sicas que f\u00e1cilmente lo pueden hacer y as\u00ed mejorar sus ingresos\u201d, Germ\u00e1n Huerque, profesor de quesos del establecimiento.<\/p>\n<p style=\"text-align: justify;\">Departamento de Prensa<\/p>\n","protected":false},"excerpt":{"rendered":"<p>Con la idea de potenciar la elaboraci\u00f3n de quesos en Ancud, un total de 20 agricultores del Prodesal y 10 alumnos del Liceo Agr\u00edcola de esa comuna, participaron de un curso de producci\u00f3n del alimento desarrollado en las dependencias del recinto educacional. Venidos desde distintos puntos de la tierra del Pudeto, los emprendedores manifestaron su [&hellip;]<\/p>\n","protected":false},"author":2,"featured_media":2847,"comment_status":"open","ping_status":"open","sticky":false,"template":"","format":"standard","meta":[],"categories":[3],"tags":[5],"jetpack_featured_media_url":"https:\/\/www.radiochiloe.cl\/wp-content\/uploads\/2012\/08\/quesos.jpg","_links":{"self":[{"href":"https:\/\/www.radiochiloe.cl\/index.php?rest_route=\/wp\/v2\/posts\/2846"}],"collection":[{"href":"https:\/\/www.radiochiloe.cl\/index.php?rest_route=\/wp\/v2\/posts"}],"about":[{"href":"https:\/\/www.radiochiloe.cl\/index.php?rest_route=\/wp\/v2\/types\/post"}],"author":[{"embeddable":true,"href":"https:\/\/www.radiochiloe.cl\/index.php?rest_route=\/wp\/v2\/users\/2"}],"replies":[{"embeddable":true,"href":"https:\/\/www.radiochiloe.cl\/index.php?rest_route=%2Fwp%2Fv2%2Fcomments&post=2846"}],"version-history":[{"count":2,"href":"https:\/\/www.radiochiloe.cl\/index.php?rest_route=\/wp\/v2\/posts\/2846\/revisions"}],"predecessor-version":[{"id":2849,"href":"https:\/\/www.radiochiloe.cl\/index.php?rest_route=\/wp\/v2\/posts\/2846\/revisions\/2849"}],"wp:featuredmedia":[{"embeddable":true,"href":"https:\/\/www.radiochiloe.cl\/index.php?rest_route=\/wp\/v2\/media\/2847"}],"wp:attachment":[{"href":"https:\/\/www.radiochiloe.cl\/index.php?rest_route=%2Fwp%2Fv2%2Fmedia&parent=2846"}],"wp:term":[{"taxonomy":"category","embeddable":true,"href":"https:\/\/www.radiochiloe.cl\/index.php?rest_route=%2Fwp%2Fv2%2Fcategories&post=2846"},{"taxonomy":"post_tag","embeddable":true,"href":"https:\/\/www.radiochiloe.cl\/index.php?rest_route=%2Fwp%2Fv2%2Ftags&post=2846"}],"curies":[{"name":"wp","href":"https:\/\/api.w.org\/{rel}","templated":true}]}}