{"id":2858,"date":"2012-08-11T12:43:03","date_gmt":"2012-08-11T16:43:03","guid":{"rendered":"http:\/\/www.radiochiloe.cl\/?p=2858"},"modified":"2012-08-11T12:43:03","modified_gmt":"2012-08-11T16:43:03","slug":"concejales-vera-y-borquez-gestionan-importantes-aportes-para-organizaciones-sociales","status":"publish","type":"post","link":"https:\/\/www.radiochiloe.cl\/?p=2858","title":{"rendered":"Concejales Vera y B\u00f3rquez gestionan importantes aportes para organizaciones sociales"},"content":{"rendered":"<p style=\"text-align: justify;\">Los concejales de la comuna de Castro Juan Eduardo Vera y Fernando B\u00f3rquez gestionaron importantes aportes econ\u00f3micos que ir\u00e1n en directa ayuda de 2 organizaciones sociales rurales, las cuales tienen como fin mejorar la infraestructura de las instituciones favorecidas.<\/p>\n<p style=\"text-align: justify;\">Juan Eduardo Vera en d\u00edas pasados recibi\u00f3 una solicitud de parte del comit\u00e9 de adelanto Ducan-Lingue, los cuales, por medio de su presidente Jos\u00e9 Ovando, a nombre de las familias de la localidad expusieron la necesidad de poder contar con materiales que permitan reponer el actual cierre perimetral de la organizaci\u00f3n.<\/p>\n<p style=\"text-align: justify;\">Ante esta solicitud el concejal Vera, mediante gestiones realizadas al interior del municipio consigui\u00f3 el financiamiento necesario para la materializaci\u00f3n de dicha obra, dineros que en d\u00edas pasados ya fueron retirados por el comit\u00e9 de adelanto.<\/p>\n<p style=\"text-align: justify;\">Para la autoridad dar respuesta positiva a esta inquietud \u201ces motivo de alegr\u00eda, dado que estas gestiones se unen a otras tantas que durante los \u00faltimos a\u00f1os como concejal he realizado en beneficio de distintas organizaciones\u201d, sostuvo.<\/p>\n<p style=\"text-align: justify;\">Por su parte el concejal Fernando B\u00f3rquez realiz\u00f3 gestiones para beneficiar con implementaci\u00f3n al club deportivo Hurac\u00e1n de Quilquico serie Senior, entidad que por medio de su presidente Luis Gueico, se acercaron a la autoridad con el fin de poder mejorar el equipamiento con que efect\u00faan sus participaciones en las distintas actividades deportivas.<\/p>\n<p style=\"text-align: justify;\">\u201cConociendo la seriedad de la instituci\u00f3n, realic\u00e9 todas las gestiones necesarias, las cuales llegaron a un buen final permitiendo con ello que dicha organizaci\u00f3n retire los recursos, y proceda con ellos a adquirir los implementos que sean necesarios para la instituci\u00f3n.<\/p>\n<p style=\"text-align: justify;\">Los concejales castre\u00f1os finalmente se\u00f1alaron que seguir\u00e1n trabajando con fuerza, en beneficio de las organizaciones sociales de la comuna, y realizando todo tipo de gestiones que permitan dar en lo posible una respuesta positiva a las necesidades que se les plantean.<\/p>\n<p style=\"text-align: justify;\">Departamento de Prensa<\/p>\n","protected":false},"excerpt":{"rendered":"<p>Los concejales de la comuna de Castro Juan Eduardo Vera y Fernando B\u00f3rquez gestionaron importantes aportes econ\u00f3micos que ir\u00e1n en directa ayuda de 2 organizaciones sociales rurales, las cuales tienen como fin mejorar la infraestructura de las instituciones favorecidas. Juan Eduardo Vera en d\u00edas pasados recibi\u00f3 una solicitud de parte del comit\u00e9 de adelanto Ducan-Lingue, [&hellip;]<\/p>\n","protected":false},"author":2,"featured_media":2862,"comment_status":"open","ping_status":"open","sticky":false,"template":"","format":"standard","meta":[],"categories":[3],"tags":[5],"jetpack_featured_media_url":"https:\/\/www.radiochiloe.cl\/wp-content\/uploads\/2012\/08\/borquez.jpg","_links":{"self":[{"href":"https:\/\/www.radiochiloe.cl\/index.php?rest_route=\/wp\/v2\/posts\/2858"}],"collection":[{"href":"https:\/\/www.radiochiloe.cl\/index.php?rest_route=\/wp\/v2\/posts"}],"about":[{"href":"https:\/\/www.radiochiloe.cl\/index.php?rest_route=\/wp\/v2\/types\/post"}],"author":[{"embeddable":true,"href":"https:\/\/www.radiochiloe.cl\/index.php?rest_route=\/wp\/v2\/users\/2"}],"replies":[{"embeddable":true,"href":"https:\/\/www.radiochiloe.cl\/index.php?rest_route=%2Fwp%2Fv2%2Fcomments&post=2858"}],"version-history":[{"count":3,"href":"https:\/\/www.radiochiloe.cl\/index.php?rest_route=\/wp\/v2\/posts\/2858\/revisions"}],"predecessor-version":[{"id":2864,"href":"https:\/\/www.radiochiloe.cl\/index.php?rest_route=\/wp\/v2\/posts\/2858\/revisions\/2864"}],"wp:featuredmedia":[{"embeddable":true,"href":"https:\/\/www.radiochiloe.cl\/index.php?rest_route=\/wp\/v2\/media\/2862"}],"wp:attachment":[{"href":"https:\/\/www.radiochiloe.cl\/index.php?rest_route=%2Fwp%2Fv2%2Fmedia&parent=2858"}],"wp:term":[{"taxonomy":"category","embeddable":true,"href":"https:\/\/www.radiochiloe.cl\/index.php?rest_route=%2Fwp%2Fv2%2Fcategories&post=2858"},{"taxonomy":"post_tag","embeddable":true,"href":"https:\/\/www.radiochiloe.cl\/index.php?rest_route=%2Fwp%2Fv2%2Ftags&post=2858"}],"curies":[{"name":"wp","href":"https:\/\/api.w.org\/{rel}","templated":true}]}}