{"id":2865,"date":"2012-08-11T12:53:29","date_gmt":"2012-08-11T16:53:29","guid":{"rendered":"http:\/\/www.radiochiloe.cl\/?p=2865"},"modified":"2012-08-11T12:53:29","modified_gmt":"2012-08-11T16:53:29","slug":"vecino-de-la-comuna-de-quinchao-se-quito-la-vida-en-su-propio-domicilio","status":"publish","type":"post","link":"https:\/\/www.radiochiloe.cl\/?p=2865","title":{"rendered":"Vecino de la comuna de Quinchao se quito la vida en su propio domicilio"},"content":{"rendered":"<p style=\"text-align: justify;\">(FOTO ARCHIVO)<\/p>\n<p style=\"text-align: justify;\">Por circunstancias que se investigan, durante la tarde de ayer, una persona de sexo masculino fue encontrada sin vida en el sector alto de Achao comuna de Quinchao.<\/p>\n<p style=\"text-align: justify;\">El fiscal adjunto de la comuna de Quinchao explic\u00f3 a grandes rasgos lo sucedido y adem\u00e1s manifest\u00f3 como un familiar se percat\u00f3 que J.O.L.M pend\u00eda de una viga en la cual amarro una cuerda con la que finalmente se quito la vida \u201cesta persona ingres\u00f3 fallecida hasta el hospital de Achao pero momentos antes fue encontrado por un familiar al interior de una habitaci\u00f3n. Estamos en todo el proceso investigativo pero tambi\u00e9n nos hemos contactado con los familiares para la entrega del cuerpo sin vida de esta persona, ojala durante el transcurso de este d\u00eda\u201d afirm\u00f3.<\/p>\n<p style=\"text-align: justify;\">Cabe mencionar que seg\u00fan fuentes policiales todo el procedimiento de rigor se estableci\u00f3 gracias a un llamado a la central de comunicaciones de Carabineros, CENCO, donde se dio cuenta del hecho. Pero al llegar personal de Carabineros al domicilio se evidenci\u00f3 que la persona no se encontraba en el lugar, por lo cual los uniformados llegaron hasta el hospital de Achao donde se efectuaba las maniobras de reanimaci\u00f3n que resultaron infructuosas, constat\u00e1ndose el fallecimiento de este vecino de la comuna de Quinchao.<\/p>\n<p style=\"text-align: justify;\">Finalmente durante la tarde de ayer se realiz\u00f3 el traslado del occiso hasta el Servicio M\u00e9dico Legal de Ancud donde se efect\u00fao la autopsia de rigor la que finalmente arrojo que J.O.L.M falleci\u00f3 de asfixia por ahorcamiento.<\/p>\n<p style=\"text-align: justify;\">Departamento de Prensa<\/p>\n","protected":false},"excerpt":{"rendered":"<p>(FOTO ARCHIVO) Por circunstancias que se investigan, durante la tarde de ayer, una persona de sexo masculino fue encontrada sin vida en el sector alto de Achao comuna de Quinchao. El fiscal adjunto de la comuna de Quinchao explic\u00f3 a grandes rasgos lo sucedido y adem\u00e1s manifest\u00f3 como un familiar se percat\u00f3 que J.O.L.M pend\u00eda [&hellip;]<\/p>\n","protected":false},"author":2,"featured_media":2866,"comment_status":"open","ping_status":"open","sticky":false,"template":"","format":"standard","meta":[],"categories":[3],"tags":[5],"jetpack_featured_media_url":"https:\/\/www.radiochiloe.cl\/wp-content\/uploads\/2012\/08\/suicidio.jpg","_links":{"self":[{"href":"https:\/\/www.radiochiloe.cl\/index.php?rest_route=\/wp\/v2\/posts\/2865"}],"collection":[{"href":"https:\/\/www.radiochiloe.cl\/index.php?rest_route=\/wp\/v2\/posts"}],"about":[{"href":"https:\/\/www.radiochiloe.cl\/index.php?rest_route=\/wp\/v2\/types\/post"}],"author":[{"embeddable":true,"href":"https:\/\/www.radiochiloe.cl\/index.php?rest_route=\/wp\/v2\/users\/2"}],"replies":[{"embeddable":true,"href":"https:\/\/www.radiochiloe.cl\/index.php?rest_route=%2Fwp%2Fv2%2Fcomments&post=2865"}],"version-history":[{"count":2,"href":"https:\/\/www.radiochiloe.cl\/index.php?rest_route=\/wp\/v2\/posts\/2865\/revisions"}],"predecessor-version":[{"id":2868,"href":"https:\/\/www.radiochiloe.cl\/index.php?rest_route=\/wp\/v2\/posts\/2865\/revisions\/2868"}],"wp:featuredmedia":[{"embeddable":true,"href":"https:\/\/www.radiochiloe.cl\/index.php?rest_route=\/wp\/v2\/media\/2866"}],"wp:attachment":[{"href":"https:\/\/www.radiochiloe.cl\/index.php?rest_route=%2Fwp%2Fv2%2Fmedia&parent=2865"}],"wp:term":[{"taxonomy":"category","embeddable":true,"href":"https:\/\/www.radiochiloe.cl\/index.php?rest_route=%2Fwp%2Fv2%2Fcategories&post=2865"},{"taxonomy":"post_tag","embeddable":true,"href":"https:\/\/www.radiochiloe.cl\/index.php?rest_route=%2Fwp%2Fv2%2Ftags&post=2865"}],"curies":[{"name":"wp","href":"https:\/\/api.w.org\/{rel}","templated":true}]}}