{"id":2869,"date":"2012-08-11T13:03:17","date_gmt":"2012-08-11T17:03:17","guid":{"rendered":"http:\/\/www.radiochiloe.cl\/?p=2869"},"modified":"2012-08-11T13:03:17","modified_gmt":"2012-08-11T17:03:17","slug":"consejeros-regionales-de-chiloe-entregan-aprobacion-total-al-proyecto-de-reposicion-de-la-feria-yumbel-de-castro","status":"publish","type":"post","link":"https:\/\/www.radiochiloe.cl\/?p=2869","title":{"rendered":"Consejeros Regionales de Chilo\u00e9 entregan aprobaci\u00f3n total al proyecto de reposici\u00f3n de la Feria Yumbel de Castro"},"content":{"rendered":"<p style=\"text-align: justify;\">Municipalidad de la capital provincial expuso emblem\u00e1tica inversi\u00f3n ante los miembros del Core y los locatarios de la Feria.<\/p>\n<p style=\"text-align: justify;\">Una acaba exposici\u00f3n acerca del proyecto de reposici\u00f3n de la Feria Yumbel de la comuna de Castro, realiz\u00f3 el d\u00eda ayer el municipio local ante dirigentes sindicales y locatarios del tambi\u00e9n conocido como Mercado Chilo\u00e9.<\/p>\n<p style=\"text-align: justify;\">En la ocasi\u00f3n estuvieron presentes tambi\u00e9n los cuatro consejeros regionales de Chilo\u00e9, quienes al final de la presentaci\u00f3n manifestaron su aprobaci\u00f3n total al esperado proyecto, algo que ratificar\u00e1n en la pr\u00f3xima sesi\u00f3n del Consejo Regional a realizarse en Purranque el 22 de este mes, y donde se tratar\u00e1 esta iniciativa.<\/p>\n<p style=\"text-align: justify;\">As\u00ed, tras la presentaci\u00f3n de las generalidades de la iniciativa que llevaron a cabo profesionales de la Secretar\u00eda Comunal de Planificaci\u00f3n, Secplan, de la Municipalidad de Castro, los locatarios se mostraron agradecidos por el trabajo que se est\u00e1 realizando.<\/p>\n<p style=\"text-align: justify;\">\u201cEstas no son ideas impuestas de la Municipalidad, ha sido un proyecto participativo de la comunidad, puesto que se han efectuado varias reuniones con los locatarios para ir defiendo la reposici\u00f3n de la Feria. Como municipio estamos comprometidos para sacar grandes proyectos para la comuna\u201d, dijo el alcalde de la comuna de Castro, Nelson \u00c1guila Serpa.<\/p>\n<p style=\"text-align: justify;\">Cabe recordar que mencionada obra cuenta con recomendaci\u00f3n t\u00e9cnica desde el pasado 17 de junio y que la Secplan siempre ha tenido elaborado un plan de contingencia para esta feria, confeccionado de la mano con los locatarios.<\/p>\n<p style=\"text-align: justify;\">\u201cDebemos hacer que todas las autoridades remen por un mismo objetivo para as\u00ed permitir que Castro tenga proyectos emblem\u00e1ticos que se puedan concretar, por eso el municipio est\u00e1 tan preocupado, no en vano tiempo atr\u00e1s se desembolsaron 51 millones de pesos para contratar la ingenier\u00eda\u201d, enfatiz\u00f3 el alcalde \u00c1guila.<\/p>\n<p style=\"text-align: justify;\">Asimismo, en la oportunidad se destac\u00f3 el que el proyecto ha sido consensuado por la Municipalidad y los locatarios, fomentando de este modo la participaci\u00f3n. En este sentido, Juan Ruay sostuvo que \u201cquiero agradecer al equipo municipal por hacer un buen trabajo. Estamos muy contentos\u201d.<\/p>\n<p style=\"text-align: justify;\">\u201cEste proyecto es un sue\u00f1o para nosotros, necesitamos urgentemente nuestra Feria, pues es una necesidad real la que hoy d\u00eda tenemos\u201d, recalc\u00f3 Tito Barr\u00eda, dirigente del sector pescader\u00eda.<\/p>\n<p style=\"text-align: justify;\">En 3 mil 250 millones de pesos se calcula la inversi\u00f3n para reponer la Feria Yumbel, y consiste en dotar de una moderna infraestructura que tendr\u00e1 alrededor de 4.331 m2, y se compondr\u00e1 de m\u00e1s de 350 puestos de pescader\u00edas, verduler\u00edas, chacarer\u00edas, feria libre campesina y de vestuario.<\/p>\n<p style=\"text-align: justify;\">De acuerdo a lo expuesto por el alcalde \u00c1guila, la ejecuci\u00f3n de esta esperada obra permitir\u00e1 aumentar el nivel de servicio de la feria mejorando su competitividad, considerando aspectos de arquitectura, funcionalidad y mejoramiento de las condiciones sanitarias. De igual manera la infraestructura incorporar\u00e1 un mayor n\u00famero de locatarios pertenecientes a la feria campesina, comerciantes que actualmente realizan sus actividades fuera del recinto.<\/p>\n<p style=\"text-align: justify;\">El primer piso considera toda el \u00e1rea de abastecimiento de la feria, locales de secci\u00f3n frutas y verduras, pescader\u00eda, venta locales feria campesina, servicios higi\u00e9nicos, bodegas, por mencionar algunos. Mientras que en segundo nivel se ubicar\u00e1n cociner\u00edas, y puestos de ventas de ropa.<\/p>\n<p style=\"text-align: justify;\">Departamento de Prensa<\/p>\n","protected":false},"excerpt":{"rendered":"<p>Municipalidad de la capital provincial expuso emblem\u00e1tica inversi\u00f3n ante los miembros del Core y los locatarios de la Feria. Una acaba exposici\u00f3n acerca del proyecto de reposici\u00f3n de la Feria Yumbel de la comuna de Castro, realiz\u00f3 el d\u00eda ayer el municipio local ante dirigentes sindicales y locatarios del tambi\u00e9n conocido como Mercado Chilo\u00e9. En [&hellip;]<\/p>\n","protected":false},"author":2,"featured_media":2870,"comment_status":"open","ping_status":"open","sticky":false,"template":"","format":"standard","meta":[],"categories":[3],"tags":[5],"jetpack_featured_media_url":"https:\/\/www.radiochiloe.cl\/wp-content\/uploads\/2012\/08\/feria.jpg","_links":{"self":[{"href":"https:\/\/www.radiochiloe.cl\/index.php?rest_route=\/wp\/v2\/posts\/2869"}],"collection":[{"href":"https:\/\/www.radiochiloe.cl\/index.php?rest_route=\/wp\/v2\/posts"}],"about":[{"href":"https:\/\/www.radiochiloe.cl\/index.php?rest_route=\/wp\/v2\/types\/post"}],"author":[{"embeddable":true,"href":"https:\/\/www.radiochiloe.cl\/index.php?rest_route=\/wp\/v2\/users\/2"}],"replies":[{"embeddable":true,"href":"https:\/\/www.radiochiloe.cl\/index.php?rest_route=%2Fwp%2Fv2%2Fcomments&post=2869"}],"version-history":[{"count":1,"href":"https:\/\/www.radiochiloe.cl\/index.php?rest_route=\/wp\/v2\/posts\/2869\/revisions"}],"predecessor-version":[{"id":2871,"href":"https:\/\/www.radiochiloe.cl\/index.php?rest_route=\/wp\/v2\/posts\/2869\/revisions\/2871"}],"wp:featuredmedia":[{"embeddable":true,"href":"https:\/\/www.radiochiloe.cl\/index.php?rest_route=\/wp\/v2\/media\/2870"}],"wp:attachment":[{"href":"https:\/\/www.radiochiloe.cl\/index.php?rest_route=%2Fwp%2Fv2%2Fmedia&parent=2869"}],"wp:term":[{"taxonomy":"category","embeddable":true,"href":"https:\/\/www.radiochiloe.cl\/index.php?rest_route=%2Fwp%2Fv2%2Fcategories&post=2869"},{"taxonomy":"post_tag","embeddable":true,"href":"https:\/\/www.radiochiloe.cl\/index.php?rest_route=%2Fwp%2Fv2%2Ftags&post=2869"}],"curies":[{"name":"wp","href":"https:\/\/api.w.org\/{rel}","templated":true}]}}