{"id":2889,"date":"2012-08-13T11:22:42","date_gmt":"2012-08-13T15:22:42","guid":{"rendered":"http:\/\/www.radiochiloe.cl\/?p=2889"},"modified":"2012-08-13T11:22:42","modified_gmt":"2012-08-13T15:22:42","slug":"onemi-declara-alerta-temprana-preventiva-en-chiloe","status":"publish","type":"post","link":"https:\/\/www.radiochiloe.cl\/?p=2889","title":{"rendered":"Onemi declara Alerta Temprana Preventiva en Chilo\u00e9"},"content":{"rendered":"<p style=\"text-align: justify;\">De acuerdo a la informaci\u00f3n obtenida por esta Direcci\u00f3n Regional a trav\u00e9s del Centro Regional de Alerta Temprana, en relaci\u00f3n a la informaci\u00f3n t\u00e9cnica proporcionada por el Centro Meteorol\u00f3gico Zona Sur, dependiente de la Direcci\u00f3n Meteorol\u00f3gica de Chile, en donde se indica el ingreso de un sistema frontal fr\u00edo, que afectar\u00e1 a contar del d\u00eda hoy lunes 13 en la tarde, desde la Araucan\u00eda a Puerto Ays\u00e9n, con montos esperados de precipitaciones entre 20 a 40 mm, con mayor acumulaci\u00f3n en sector cordillera, pudiendo presentarse precipitaciones s\u00f3lidas y viento en el tramo entre Temuco y Puerto Montt con velocidad de 30 a 50 km\/hora y entre Puerto Montt y Puerto Aguirre con velocidad de 60 a 80 km\/hora, siendo m\u00e1s intenso en la costa y principalmente durante la ma\u00f1ana. Para el d\u00eda 14 y 15 de agosto, la regi\u00f3n estar\u00e1 bajo influencia de inestabilidad post frontal, esper\u00e1ndose condici\u00f3n de cielo nublado y chubascos, con probabilidad de precipitaciones s\u00f3lidas en sectores cordilleranos.<\/p>\n<p style=\"text-align: justify;\">Situaci\u00f3n que se mantendr\u00e1 con monitoreo permanente a trav\u00e9s del Centro Regional de Alerta Temprana de ONEMI Los Lagos, en caso de registrar aumento de los niveles de impacto de los distintos niveles del Sistema Regional de Protecci\u00f3n Civil.<\/p>\n<p style=\"text-align: justify;\">De acuerdo a los niveles de vulnerabilidad asociados a esta condici\u00f3n de amenaza \u00e9sta Direcci\u00f3n Regional de ONEMI DECLARA ALERTA TEMPRANA PREVENTIVA para la Regi\u00f3n de Los Lagos.<\/p>\n<p style=\"text-align: justify;\">2. \u2013 CURSOS DE ACCI\u00d3N<\/p>\n<p style=\"text-align: justify;\">\u2022 Difusi\u00f3n de la presente extensi\u00f3n de Alerta Temprana Preventiva a integrantes del Sistema de Protecci\u00f3n Civil de La Regi\u00f3n de Los Lagos.<\/p>\n<p style=\"text-align: justify;\">\u2022 Activaci\u00f3n de los Planes Comunales de Emergencia.<\/p>\n<p style=\"text-align: justify;\">\u2022 Mantener activados e informados a los Sistemas Comunales de Protecci\u00f3n Civil y a sus niveles Provinciales y Regionales, de manera de poder activar los recursos necesarios para el control inmediato de cualquier situaci\u00f3n de emergencia que pudiera producirse.<\/p>\n<p style=\"text-align: justify;\">\u2022 Monitoreo permanente en puntos cr\u00edticos, por parte de todos los niveles de gesti\u00f3n de Protecci\u00f3n Civil, comunal, provincial y regional.<\/p>\n<p style=\"text-align: justify;\">\u2022 Difusi\u00f3n a la comunidad de medidas de prevenci\u00f3n para disminuir los impactos locales por el presente sistema frontal.<\/p>\n<p style=\"text-align: justify;\">\u2022 Puesta a punto de enlaces de coordinaci\u00f3n y planificaci\u00f3n de operaciones de emergencia.<br \/>\n\u2022 Mantener activos los enlaces comunicacionales de todos los organismos integrantes de los Sistemas de Protecci\u00f3n Civil de la regi\u00f3n en sus niveles comunales, provinciales y regional.<\/p>\n<p style=\"text-align: justify;\">\u2022 Revisi\u00f3n de albergues por parte del nivel comunal en caso de ser utilizados.<\/p>\n<p style=\"text-align: justify;\">\u2022 Registro y levantamiento de informaci\u00f3n sobre recursos para dar respuesta a la comunidad en caso de ser requeridos.<\/p>\n<p style=\"text-align: justify;\">\u2022 Mantener una conducta de autocuidado por parte de la poblaci\u00f3n.<\/p>\n<p style=\"text-align: justify;\">El Centro Regional de Alerta Temprana ONEMI Regi\u00f3n de Los Lagos, en coordinaci\u00f3n con el Centro Nacional de Alerta Temprana, el Sistema Regional de Protecci\u00f3n Civil y los organismos t\u00e9cnicos pertinentes, reforzar\u00e1n el monitoreo de acuerdo a la alerta vigente, manteniendo la aplicaci\u00f3n de los planes de prevenci\u00f3n y de respuesta a las posibles emergencias que pudieran ocasionarse.<\/p>\n<p style=\"text-align: justify;\">Departamento de Prensa<\/p>\n","protected":false},"excerpt":{"rendered":"<p>De acuerdo a la informaci\u00f3n obtenida por esta Direcci\u00f3n Regional a trav\u00e9s del Centro Regional de Alerta Temprana, en relaci\u00f3n a la informaci\u00f3n t\u00e9cnica proporcionada por el Centro Meteorol\u00f3gico Zona Sur, dependiente de la Direcci\u00f3n Meteorol\u00f3gica de Chile, en donde se indica el ingreso de un sistema frontal fr\u00edo, que afectar\u00e1 a contar del d\u00eda [&hellip;]<\/p>\n","protected":false},"author":2,"featured_media":2891,"comment_status":"open","ping_status":"open","sticky":false,"template":"","format":"standard","meta":[],"categories":[3],"tags":[5],"jetpack_featured_media_url":"https:\/\/www.radiochiloe.cl\/wp-content\/uploads\/2012\/08\/maltiempo1.jpg","_links":{"self":[{"href":"https:\/\/www.radiochiloe.cl\/index.php?rest_route=\/wp\/v2\/posts\/2889"}],"collection":[{"href":"https:\/\/www.radiochiloe.cl\/index.php?rest_route=\/wp\/v2\/posts"}],"about":[{"href":"https:\/\/www.radiochiloe.cl\/index.php?rest_route=\/wp\/v2\/types\/post"}],"author":[{"embeddable":true,"href":"https:\/\/www.radiochiloe.cl\/index.php?rest_route=\/wp\/v2\/users\/2"}],"replies":[{"embeddable":true,"href":"https:\/\/www.radiochiloe.cl\/index.php?rest_route=%2Fwp%2Fv2%2Fcomments&post=2889"}],"version-history":[{"count":2,"href":"https:\/\/www.radiochiloe.cl\/index.php?rest_route=\/wp\/v2\/posts\/2889\/revisions"}],"predecessor-version":[{"id":2893,"href":"https:\/\/www.radiochiloe.cl\/index.php?rest_route=\/wp\/v2\/posts\/2889\/revisions\/2893"}],"wp:featuredmedia":[{"embeddable":true,"href":"https:\/\/www.radiochiloe.cl\/index.php?rest_route=\/wp\/v2\/media\/2891"}],"wp:attachment":[{"href":"https:\/\/www.radiochiloe.cl\/index.php?rest_route=%2Fwp%2Fv2%2Fmedia&parent=2889"}],"wp:term":[{"taxonomy":"category","embeddable":true,"href":"https:\/\/www.radiochiloe.cl\/index.php?rest_route=%2Fwp%2Fv2%2Fcategories&post=2889"},{"taxonomy":"post_tag","embeddable":true,"href":"https:\/\/www.radiochiloe.cl\/index.php?rest_route=%2Fwp%2Fv2%2Ftags&post=2889"}],"curies":[{"name":"wp","href":"https:\/\/api.w.org\/{rel}","templated":true}]}}