{"id":34589,"date":"2016-01-21T11:13:04","date_gmt":"2016-01-21T14:13:04","guid":{"rendered":"http:\/\/www.radiochiloe.cl\/?p=34589"},"modified":"2016-01-21T11:14:04","modified_gmt":"2016-01-21T14:14:04","slug":"con-dos-personas-detenidas-termino-manifestacion-durante-visita-de-bachelet","status":"publish","type":"post","link":"https:\/\/www.radiochiloe.cl\/?p=34589","title":{"rendered":"Con dos personas detenidas termin\u00f3 manifestaci\u00f3n durante visita de Bachelet"},"content":{"rendered":"<p style=\"text-align: justify;\">La visita de la Presidenta Michelle Bachelet a Chilo\u00e9 no estuvo exenta de problemas, ya que dos j\u00f3venes \u00a0terminaron detenidas en Achao por insultos a la autoridad.<\/p>\n<p style=\"text-align: justify;\">El hecho se produjo luego que un grupo de manifestantes contra el Puente Chacao protagonizaran un altercado con Carabineros y los encargados de la seguridad de la Mandataria por los dichos del alcalde Santiago Torres en apoyo al viaducto.<\/p>\n<p style=\"text-align: justify;\">Juan Carlos Viveros, vocero del Movimiento Defendamos Chilo\u00e9 dijo que en Curaco de V\u00e9lez la Presidenta se comprometi\u00f3 a estudiar la carta que le entregaron y donde se reiteran los antecedentes, que seg\u00fan dicen, cuestionar\u00edan la legalidad de la licitaci\u00f3n de la obra.<\/p>\n<p style=\"text-align: justify;\">Sin embargo, el momento del incidente se registr\u00f3 en la comuna de Quinchao, cuando espont\u00e1neamente un grupo de simpatizantes de este movimiento alzaron la voz contra el puente.<\/p>\n<!--[if lt IE 9]><script>document.createElement('audio');<\/script><![endif]-->\n<audio class=\"wp-audio-shortcode\" id=\"audio-34589-1\" preload=\"none\" style=\"width: 100%;\" controls=\"controls\"><source type=\"audio\/mpeg\" src=\"http:\/\/www.radiochiloe.cl\/wp-content\/uploads\/2016\/01\/J.Juan-Carlos-Viveros1-21-01-16.mp3?_=1\" \/><a href=\"http:\/\/www.radiochiloe.cl\/wp-content\/uploads\/2016\/01\/J.Juan-Carlos-Viveros1-21-01-16.mp3\">http:\/\/www.radiochiloe.cl\/wp-content\/uploads\/2016\/01\/J.Juan-Carlos-Viveros1-21-01-16.mp3<\/a><\/audio>\n<p style=\"text-align: justify;\">El vocero del Movimiento Defendamos Chilo\u00e9 calific\u00f3 este hecho como triste, impresentable y vergonzoso, ya que no se permiti\u00f3 la libre expresi\u00f3n\u00a0 de quienes rechazan el proyecto del Puente Chacao.<\/p>\n<p style=\"text-align: justify;\">Sin embargo, el profesional espera que la Mandataria cumpla con el compromiso de revisar los antecedentes que fueron expuestos tal como asegur\u00f3 cuando pudo conversar con ellos.<\/p>\n<p style=\"text-align: justify;\">Finalmente, cabe indicar que a eso de las 18:00 horas de este mi\u00e9rcoles las dos j\u00f3venes detenidas fueron dejadas en libertad.<\/p>\n<p style=\"text-align: justify;\">\n","protected":false},"excerpt":{"rendered":"<p>La visita de la Presidenta Michelle Bachelet a Chilo\u00e9 no estuvo exenta de problemas, ya que dos j\u00f3venes \u00a0terminaron detenidas en Achao por insultos a la autoridad. El hecho se produjo luego que un grupo de manifestantes contra el Puente Chacao protagonizaran un altercado con Carabineros y los encargados de la seguridad de la Mandataria [&hellip;]<\/p>\n","protected":false},"author":9,"featured_media":34593,"comment_status":"open","ping_status":"open","sticky":false,"template":"","format":"audio","meta":[],"categories":[3],"tags":[5],"jetpack_featured_media_url":"https:\/\/www.radiochiloe.cl\/wp-content\/uploads\/2016\/01\/12507374_533733376788916_8696305293343689505_n-e1453385637499.jpg","_links":{"self":[{"href":"https:\/\/www.radiochiloe.cl\/index.php?rest_route=\/wp\/v2\/posts\/34589"}],"collection":[{"href":"https:\/\/www.radiochiloe.cl\/index.php?rest_route=\/wp\/v2\/posts"}],"about":[{"href":"https:\/\/www.radiochiloe.cl\/index.php?rest_route=\/wp\/v2\/types\/post"}],"author":[{"embeddable":true,"href":"https:\/\/www.radiochiloe.cl\/index.php?rest_route=\/wp\/v2\/users\/9"}],"replies":[{"embeddable":true,"href":"https:\/\/www.radiochiloe.cl\/index.php?rest_route=%2Fwp%2Fv2%2Fcomments&post=34589"}],"version-history":[{"count":1,"href":"https:\/\/www.radiochiloe.cl\/index.php?rest_route=\/wp\/v2\/posts\/34589\/revisions"}],"predecessor-version":[{"id":34592,"href":"https:\/\/www.radiochiloe.cl\/index.php?rest_route=\/wp\/v2\/posts\/34589\/revisions\/34592"}],"wp:featuredmedia":[{"embeddable":true,"href":"https:\/\/www.radiochiloe.cl\/index.php?rest_route=\/wp\/v2\/media\/34593"}],"wp:attachment":[{"href":"https:\/\/www.radiochiloe.cl\/index.php?rest_route=%2Fwp%2Fv2%2Fmedia&parent=34589"}],"wp:term":[{"taxonomy":"category","embeddable":true,"href":"https:\/\/www.radiochiloe.cl\/index.php?rest_route=%2Fwp%2Fv2%2Fcategories&post=34589"},{"taxonomy":"post_tag","embeddable":true,"href":"https:\/\/www.radiochiloe.cl\/index.php?rest_route=%2Fwp%2Fv2%2Ftags&post=34589"}],"curies":[{"name":"wp","href":"https:\/\/api.w.org\/{rel}","templated":true}]}}