{"id":34980,"date":"2016-02-04T18:30:40","date_gmt":"2016-02-04T21:30:40","guid":{"rendered":"http:\/\/www.radiochiloe.cl\/?p=34980"},"modified":"2016-02-04T15:18:24","modified_gmt":"2016-02-04T18:18:24","slug":"construyen-mirador-y-mejoran-iluminacion-en-fuerte-tauco","status":"publish","type":"post","link":"https:\/\/www.radiochiloe.cl\/?p=34980","title":{"rendered":"Construyen mirador y mejoran iluminaci\u00f3n en Fuerte Tauco"},"content":{"rendered":"<p style=\"text-align: justify;\">Recientemente fueron recepcionadas las obras que se ejecutaron en el Fort\u00edn de Tauco, en la comuna de Chonchi, donde se construy\u00f3 un mirador que adem\u00e1s incorpora parte de su\u00a0 historia.<\/p>\n<p style=\"text-align: justify;\">As\u00ed lo destac\u00f3 el alcalde Pedro Andrade, quien explic\u00f3 que el proyecto surge luego que la estudiante de Arquitectura\u00a0 de la Universidad de Talca Claudia Rojas, presentara la idea de realizar su tesis profesional con esta iniciativa.<\/p>\n<p style=\"text-align: justify;\">El edil dijo que la propuesta muy bien recepcionada por lo que se consiguieron los recursos con el Gobierno Regional que ascendieron a m\u00e1s de 70 millones de pesos para su ejecuci\u00f3n.<\/p>\n<!--[if lt IE 9]><script>document.createElement('audio');<\/script><![endif]-->\n<audio class=\"wp-audio-shortcode\" id=\"audio-34980-1\" preload=\"none\" style=\"width: 100%;\" controls=\"controls\"><source type=\"audio\/mpeg\" src=\"http:\/\/www.radiochiloe.cl\/wp-content\/uploads\/2016\/02\/J.Pedro-Andrade1-02-02-16.mp3?_=1\" \/><a href=\"http:\/\/www.radiochiloe.cl\/wp-content\/uploads\/2016\/02\/J.Pedro-Andrade1-02-02-16.mp3\">http:\/\/www.radiochiloe.cl\/wp-content\/uploads\/2016\/02\/J.Pedro-Andrade1-02-02-16.mp3<\/a><\/audio>\n<p style=\"text-align: justify;\">\nUno de los factores relevantes de la obra, es que la mayor parte de los fondos se destinaron a llevar energ\u00eda el\u00e9ctrica al lugar, el que ahora cuenta con iluminaci\u00f3n de \u00faltima generaci\u00f3n y que buscar darle mayor visibilidad y seguridad.<\/p>\n<p>El edil dijo que este espacio busca convertirse en una referente del turismo local y es por esto que busca incorporar a los vecinos del sector para instalar puestos de artesan\u00eda e informaci\u00f3n tur\u00edstica para dar realce y volver el Fuerte Tauco en una parada obligatoria para turistas y sobretodo para la comunidad local.<\/p>\n<audio class=\"wp-audio-shortcode\" id=\"audio-34980-2\" preload=\"none\" style=\"width: 100%;\" controls=\"controls\"><source type=\"audio\/mpeg\" src=\"http:\/\/www.radiochiloe.cl\/wp-content\/uploads\/2016\/02\/J.Pedro-Andrade2-02-02-16.mp3?_=2\" \/><a href=\"http:\/\/www.radiochiloe.cl\/wp-content\/uploads\/2016\/02\/J.Pedro-Andrade2-02-02-16.mp3\">http:\/\/www.radiochiloe.cl\/wp-content\/uploads\/2016\/02\/J.Pedro-Andrade2-02-02-16.mp3<\/a><\/audio>\n<p style=\"text-align: justify;\">\nRecordemos que los ca\u00f1ones del fuerte sol\u00edan estar en la Plaza de Castro y gracias a gestiones municipales fueron reintroducidos en su lugar de origen. Desde entonces se han realizado variadas actividades y se ha implementado se\u00f1al\u00e9tica en el camino, lo que ha propiciado un gran flujo de visitantes.<\/p>\n<p style=\"text-align: justify;\">La inauguraci\u00f3n de las obras ejecutadas en el lugar ser\u00e1n inauguradas una vez que finalicen las labores de limpieza.<\/p>\n","protected":false},"excerpt":{"rendered":"<p>Recientemente fueron recepcionadas las obras que se ejecutaron en el Fort\u00edn de Tauco, en la comuna de Chonchi, donde se construy\u00f3 un mirador que adem\u00e1s incorpora parte de su\u00a0 historia. As\u00ed lo destac\u00f3 el alcalde Pedro Andrade, quien explic\u00f3 que el proyecto surge luego que la estudiante de Arquitectura\u00a0 de la Universidad de Talca Claudia [&hellip;]<\/p>\n","protected":false},"author":9,"featured_media":34983,"comment_status":"open","ping_status":"open","sticky":false,"template":"","format":"audio","meta":[],"categories":[3],"tags":[5],"jetpack_featured_media_url":"https:\/\/www.radiochiloe.cl\/wp-content\/uploads\/2016\/02\/DSCN5860-e1454609816122.jpg","_links":{"self":[{"href":"https:\/\/www.radiochiloe.cl\/index.php?rest_route=\/wp\/v2\/posts\/34980"}],"collection":[{"href":"https:\/\/www.radiochiloe.cl\/index.php?rest_route=\/wp\/v2\/posts"}],"about":[{"href":"https:\/\/www.radiochiloe.cl\/index.php?rest_route=\/wp\/v2\/types\/post"}],"author":[{"embeddable":true,"href":"https:\/\/www.radiochiloe.cl\/index.php?rest_route=\/wp\/v2\/users\/9"}],"replies":[{"embeddable":true,"href":"https:\/\/www.radiochiloe.cl\/index.php?rest_route=%2Fwp%2Fv2%2Fcomments&post=34980"}],"version-history":[{"count":1,"href":"https:\/\/www.radiochiloe.cl\/index.php?rest_route=\/wp\/v2\/posts\/34980\/revisions"}],"predecessor-version":[{"id":34984,"href":"https:\/\/www.radiochiloe.cl\/index.php?rest_route=\/wp\/v2\/posts\/34980\/revisions\/34984"}],"wp:featuredmedia":[{"embeddable":true,"href":"https:\/\/www.radiochiloe.cl\/index.php?rest_route=\/wp\/v2\/media\/34983"}],"wp:attachment":[{"href":"https:\/\/www.radiochiloe.cl\/index.php?rest_route=%2Fwp%2Fv2%2Fmedia&parent=34980"}],"wp:term":[{"taxonomy":"category","embeddable":true,"href":"https:\/\/www.radiochiloe.cl\/index.php?rest_route=%2Fwp%2Fv2%2Fcategories&post=34980"},{"taxonomy":"post_tag","embeddable":true,"href":"https:\/\/www.radiochiloe.cl\/index.php?rest_route=%2Fwp%2Fv2%2Ftags&post=34980"}],"curies":[{"name":"wp","href":"https:\/\/api.w.org\/{rel}","templated":true}]}}