{"id":35259,"date":"2016-02-24T09:11:41","date_gmt":"2016-02-24T12:11:41","guid":{"rendered":"http:\/\/www.radiochiloe.cl\/?p=35259"},"modified":"2016-02-24T09:11:41","modified_gmt":"2016-02-24T12:11:41","slug":"en-el-registro-civil-de-quellon-se-podra-obtener-cedulas-de-identidad-y-pasaporte","status":"publish","type":"post","link":"https:\/\/www.radiochiloe.cl\/?p=35259","title":{"rendered":"En el Registro Civil de Quell\u00f3n se podr\u00e1 obtener C\u00e9dulas de Identidad y Pasaporte"},"content":{"rendered":"<p>Desde el martes 23 de febrero se podr\u00e1 solicitar pasaportes y c\u00e9dulas de\u00a0identidad de extranjeros en la Oficina Quell\u00f3n del Servicio de Registro Civil e\u00a0Identificaci\u00f3n. Esta medida busca entregar m\u00e1s servicios y acercar nuevos\u00a0productos a esa comunidad.<\/p>\n<p>As\u00ed lo informaron desde la Direcci\u00f3n Regional de la entidad y la oficial civil de\u00a0Quell\u00f3n, Lucy Tapia Monta\u00f1a, quienes trabajaron en conjunto para\u00a0materializar esta sentida necesidad de la comuna.<\/p>\n<p>Al respecto la Directora Regional del Servicio de Registro Civil (s) Lorena\u00a0Cabrera Osman indic\u00f3.<\/p>\n<!--[if lt IE 9]><script>document.createElement('audio');<\/script><![endif]-->\n<audio class=\"wp-audio-shortcode\" id=\"audio-35259-1\" preload=\"none\" style=\"width: 100%;\" controls=\"controls\"><source type=\"audio\/mpeg\" src=\"http:\/\/www.radiochiloe.cl\/wp-content\/uploads\/2016\/02\/M.-Lorena-Cabreras-01-23-02-16.mp3?_=1\" \/><a href=\"http:\/\/www.radiochiloe.cl\/wp-content\/uploads\/2016\/02\/M.-Lorena-Cabreras-01-23-02-16.mp3\">http:\/\/www.radiochiloe.cl\/wp-content\/uploads\/2016\/02\/M.-Lorena-Cabreras-01-23-02-16.mp3<\/a><\/audio>\n<p>Con respecto al valor y el plazo de entrega de dicho documento, se\u00f1al\u00f3.<\/p>\n<audio class=\"wp-audio-shortcode\" id=\"audio-35259-2\" preload=\"none\" style=\"width: 100%;\" controls=\"controls\"><source type=\"audio\/mpeg\" src=\"http:\/\/www.radiochiloe.cl\/wp-content\/uploads\/2016\/02\/M.-Lorena-Cabreras-02-23-02-16.mp3?_=2\" \/><a href=\"http:\/\/www.radiochiloe.cl\/wp-content\/uploads\/2016\/02\/M.-Lorena-Cabreras-02-23-02-16.mp3\">http:\/\/www.radiochiloe.cl\/wp-content\/uploads\/2016\/02\/M.-Lorena-Cabreras-02-23-02-16.mp3<\/a><\/audio>\n<p>Finalmente, se refiri\u00f3 a la presencia del Civilmovil, Oficina M\u00f3vil del Registro\u00a0Civil, que visito la Provincia el pasado fin de semana.<\/p>\n<audio class=\"wp-audio-shortcode\" id=\"audio-35259-3\" preload=\"none\" style=\"width: 100%;\" controls=\"controls\"><source type=\"audio\/mpeg\" src=\"http:\/\/www.radiochiloe.cl\/wp-content\/uploads\/2016\/02\/M.-Lorena-Cabreras-03-23-02-16.mp3?_=3\" \/><a href=\"http:\/\/www.radiochiloe.cl\/wp-content\/uploads\/2016\/02\/M.-Lorena-Cabreras-03-23-02-16.mp3\">http:\/\/www.radiochiloe.cl\/wp-content\/uploads\/2016\/02\/M.-Lorena-Cabreras-03-23-02-16.mp3<\/a><\/audio>\n<p>Recordemos que el pasaporte es el documento oficial de viaje para chilenos\u00a0hacia el extranjero, que, junto con contener la identificaci\u00f3n de su titular,\u00a0cuenta con una serie de medidas de seguridad, por lo que todo chileno que\u00a0desee viajar a otro pa\u00eds deber\u00e1 estar en posesi\u00f3n de este pasaporte, salvo\u00a0que se dirija a pa\u00edses como Argentina, Uruguay, Paraguay, Brasil, Colombia,\u00a0Ecuador, Per\u00fa o Bolivia, en cuyos casos s\u00f3lo necesitar\u00e1 su c\u00e9dula nacional de\u00a0identidad vigente y en buen estado.<\/p>\n","protected":false},"excerpt":{"rendered":"<p>Desde el martes 23 de febrero se podr\u00e1 solicitar pasaportes y c\u00e9dulas de\u00a0identidad de extranjeros en la Oficina Quell\u00f3n del Servicio de Registro Civil e\u00a0Identificaci\u00f3n. Esta medida busca entregar m\u00e1s servicios y acercar nuevos\u00a0productos a esa comunidad. As\u00ed lo informaron desde la Direcci\u00f3n Regional de la entidad y la oficial civil de\u00a0Quell\u00f3n, Lucy Tapia Monta\u00f1a, [&hellip;]<\/p>\n","protected":false},"author":9,"featured_media":35263,"comment_status":"open","ping_status":"open","sticky":false,"template":"","format":"standard","meta":[],"categories":[3],"tags":[5],"jetpack_featured_media_url":"https:\/\/www.radiochiloe.cl\/wp-content\/uploads\/2016\/02\/Los-secretos-del-nuevo-carnet-y-pasaporte.png","_links":{"self":[{"href":"https:\/\/www.radiochiloe.cl\/index.php?rest_route=\/wp\/v2\/posts\/35259"}],"collection":[{"href":"https:\/\/www.radiochiloe.cl\/index.php?rest_route=\/wp\/v2\/posts"}],"about":[{"href":"https:\/\/www.radiochiloe.cl\/index.php?rest_route=\/wp\/v2\/types\/post"}],"author":[{"embeddable":true,"href":"https:\/\/www.radiochiloe.cl\/index.php?rest_route=\/wp\/v2\/users\/9"}],"replies":[{"embeddable":true,"href":"https:\/\/www.radiochiloe.cl\/index.php?rest_route=%2Fwp%2Fv2%2Fcomments&post=35259"}],"version-history":[{"count":1,"href":"https:\/\/www.radiochiloe.cl\/index.php?rest_route=\/wp\/v2\/posts\/35259\/revisions"}],"predecessor-version":[{"id":35264,"href":"https:\/\/www.radiochiloe.cl\/index.php?rest_route=\/wp\/v2\/posts\/35259\/revisions\/35264"}],"wp:featuredmedia":[{"embeddable":true,"href":"https:\/\/www.radiochiloe.cl\/index.php?rest_route=\/wp\/v2\/media\/35263"}],"wp:attachment":[{"href":"https:\/\/www.radiochiloe.cl\/index.php?rest_route=%2Fwp%2Fv2%2Fmedia&parent=35259"}],"wp:term":[{"taxonomy":"category","embeddable":true,"href":"https:\/\/www.radiochiloe.cl\/index.php?rest_route=%2Fwp%2Fv2%2Fcategories&post=35259"},{"taxonomy":"post_tag","embeddable":true,"href":"https:\/\/www.radiochiloe.cl\/index.php?rest_route=%2Fwp%2Fv2%2Ftags&post=35259"}],"curies":[{"name":"wp","href":"https:\/\/api.w.org\/{rel}","templated":true}]}}