{"id":412,"date":"2012-06-08T13:07:34","date_gmt":"2012-06-08T17:07:34","guid":{"rendered":"http:\/\/www.radiochiloe.cl\/?p=412"},"modified":"2012-06-08T13:07:34","modified_gmt":"2012-06-08T17:07:34","slug":"fernando-borquez-es-el-unico-candidato-de-la-alianza-para-las-proximas-elecciones","status":"publish","type":"post","link":"https:\/\/www.radiochiloe.cl\/?p=412","title":{"rendered":"Fernando B\u00f3rquez es el \u00fanico candidato de la Alianza para las pr\u00f3ximas elecciones"},"content":{"rendered":"<p style=\"text-align: justify;\">Ayer por la tarde en un reconocido restaurant del centro de Castro definitivamente se dirimi\u00f3 el candidato que representara a la alianza en las pr\u00f3ximas elecciones del 28 de octubre del presente a\u00f1o.<\/p>\n<p style=\"text-align: justify;\">Juan Eduardo Vera en su calidad de Concejal de comuna de Castro esgrimi\u00f3 un saludo de apoyo a la \u00fanica candidatura de la alianza que encabezara Fernando B\u00f3rquez, adem\u00e1s en estas sentidas palabras se\u00f1al\u00f3 que su opci\u00f3n no esta muerta, sino que ahora se refuerza con esta decisi\u00f3n de apoyar a su colega concejal que representara a la alianza en la elecciones de octubre.<\/p>\n<p style=\"text-align: justify;\">\u201cQueda claro que con dos candidatos no ten\u00edamos ninguna opci\u00f3n para enfrentar las nuevas elecciones, por eso he tomado esta decisi\u00f3n de apoyar a Fernando en todo lo que pueda para ganar en octubre\u201d se\u00f1al\u00f3<\/p>\n<p style=\"text-align: justify;\">En tanto Fernando B\u00f3rquez expres\u00f3 su sentimiento de generosidad ante este apoyo que ser\u00e1 fundamental para enfrentar las pr\u00f3ximas elecciones donde la candidatura del actual concejal de Renovaci\u00f3n Nacional buscara el sill\u00f3n alcaldicio.<\/p>\n<p style=\"text-align: justify;\">\u201cQuiero agradecer este gesto de Juan Eduardo Vera, porque de esta manera comenzamos a luchar por el sill\u00f3n alcaldicio que de seguro conseguiremos en las pr\u00f3ximas elecciones, pero por supuesto con el trabajo y el apoyo de toda la comunidad\u201d sostuvo.<\/p>\n<p style=\"text-align: justify;\">Cabe mencionar que el candidato de la alianza enfatiz\u00f3 que ya esta comenzando con su plan de trabajo donde todas las organizaciones sociales tendr\u00e1n una cabida importante, con miras a las futuras elecciones.<\/p>\n<p style=\"text-align: justify;\">Finalmente el actual diputado de la republica Alejandro Santana expres\u00f3 que esta tarea tienen varias etapas, donde la conversaci\u00f3n con Juan Eduardo Vera para llegar a un consenso fue fundamental \u201cEsperamos que la comunidad de Castro apoye a Fernando B\u00f3rquez que entregara un carisma diferente a la ciudadan\u00eda que necesita un candidato cercano y el actual concejal posee esas caracter\u00edsticas que la gente busca\u201d se\u00f1al\u00f3.<\/p>\n<p style=\"text-align: justify;\">Departamento de Prensa<\/p>\n","protected":false},"excerpt":{"rendered":"<p>Ayer por la tarde en un reconocido restaurant del centro de Castro definitivamente se dirimi\u00f3 el candidato que representara a la alianza en las pr\u00f3ximas elecciones del 28 de octubre del presente a\u00f1o. Juan Eduardo Vera en su calidad de Concejal de comuna de Castro esgrimi\u00f3 un saludo de apoyo a la \u00fanica candidatura de [&hellip;]<\/p>\n","protected":false},"author":3,"featured_media":415,"comment_status":"open","ping_status":"open","sticky":false,"template":"","format":"standard","meta":[],"categories":[3],"tags":[5],"jetpack_featured_media_url":"https:\/\/www.radiochiloe.cl\/wp-content\/uploads\/2012\/06\/proclamacionfernando.jpg","_links":{"self":[{"href":"https:\/\/www.radiochiloe.cl\/index.php?rest_route=\/wp\/v2\/posts\/412"}],"collection":[{"href":"https:\/\/www.radiochiloe.cl\/index.php?rest_route=\/wp\/v2\/posts"}],"about":[{"href":"https:\/\/www.radiochiloe.cl\/index.php?rest_route=\/wp\/v2\/types\/post"}],"author":[{"embeddable":true,"href":"https:\/\/www.radiochiloe.cl\/index.php?rest_route=\/wp\/v2\/users\/3"}],"replies":[{"embeddable":true,"href":"https:\/\/www.radiochiloe.cl\/index.php?rest_route=%2Fwp%2Fv2%2Fcomments&post=412"}],"version-history":[{"count":2,"href":"https:\/\/www.radiochiloe.cl\/index.php?rest_route=\/wp\/v2\/posts\/412\/revisions"}],"predecessor-version":[{"id":417,"href":"https:\/\/www.radiochiloe.cl\/index.php?rest_route=\/wp\/v2\/posts\/412\/revisions\/417"}],"wp:featuredmedia":[{"embeddable":true,"href":"https:\/\/www.radiochiloe.cl\/index.php?rest_route=\/wp\/v2\/media\/415"}],"wp:attachment":[{"href":"https:\/\/www.radiochiloe.cl\/index.php?rest_route=%2Fwp%2Fv2%2Fmedia&parent=412"}],"wp:term":[{"taxonomy":"category","embeddable":true,"href":"https:\/\/www.radiochiloe.cl\/index.php?rest_route=%2Fwp%2Fv2%2Fcategories&post=412"},{"taxonomy":"post_tag","embeddable":true,"href":"https:\/\/www.radiochiloe.cl\/index.php?rest_route=%2Fwp%2Fv2%2Ftags&post=412"}],"curies":[{"name":"wp","href":"https:\/\/api.w.org\/{rel}","templated":true}]}}