{"id":418,"date":"2012-06-08T13:28:35","date_gmt":"2012-06-08T17:28:35","guid":{"rendered":"http:\/\/www.radiochiloe.cl\/?p=418"},"modified":"2012-06-08T13:30:16","modified_gmt":"2012-06-08T17:30:16","slug":"radio-chiloe-lanzo-su-nueva-pagina-web-e-inauguro-su-museo-50-anos-de-historia","status":"publish","type":"post","link":"https:\/\/www.radiochiloe.cl\/?p=418","title":{"rendered":"Radio Chilo\u00e9 lanz\u00f3 su nueva p\u00e1gina web e inaugur\u00f3 su museo \u201c50 a\u00f1os de Historia\u201d"},"content":{"rendered":"<p style=\"text-align: justify;\">Con presencia de varias autoridades comunales, provinciales y regionales se desarroll\u00f3 en dependencias de las emisoras, Radio Chilo\u00e9 y MRG, el lanzamiento oficial de la nueva p\u00e1gina web y la inauguraci\u00f3n del museo \u201c50 a\u00f1os de Historia\u201d.<\/p>\n<p style=\"text-align: justify;\">En la oportunidad el gerente de ambas radios, Milton Sep\u00falveda, a trav\u00e9s de su discurso, agradeci\u00f3 la presencia de cada una de las autoridades, quienes participaron del comienzo de las actividades de aniversario por los 50 a\u00f1os que cumple la Radio Chilo\u00e9.<\/p>\n<p style=\"text-align: justify;\">Luego de conocer los atributos de la nueva p\u00e1gina web los invitados participaron de la inauguraci\u00f3n del museo que integra gran parte de la historia de la Radio Chilo\u00e9 que ha marcado presencia ininterrumpida durante estos 50 a\u00f1os.<\/p>\n<p style=\"text-align: justify;\">Cabe mencionar que las actividades continuaran durante todo este fin de semana:<\/p>\n<p style=\"text-align: justify;\">10 de junio:<\/p>\n<p style=\"text-align: justify;\">\u2022 11 hrs. Misa Aniversario templo San Francisco.<br \/>\n\u2022 12 hrs. Romer\u00eda al Cementerio Parroquial.<br \/>\n\u2022 13 hrs. Coctel Aniversario en Restaurant Afuego<br \/>\nCasino Enjoy Chilo\u00e9.<br \/>\n\u2022 19 hrs. Disputa trofeo \u201c50 a\u00f1os Radio Chilo\u00e9\u201d,<br \/>\nDeportes Castro v\/s ABA Ancud, categor\u00eda adulto, Libsur 2012.<\/p>\n<p style=\"text-align: justify;\">11 de junio:<\/p>\n<p style=\"text-align: justify;\">\u2022 09 hrs a 17 hrs. Show Aniversario, Auditorium<br \/>\nRadio Chilo\u00e9.<br \/>\n\u2022 20 hrs. Cierre Show Aniversario, Centro<br \/>\nCultural Comunitario de Castro.<\/p>\n<p style=\"text-align: justify;\">Departamento de Prensa<\/p>\n","protected":false},"excerpt":{"rendered":"<p>Con presencia de varias autoridades comunales, provinciales y regionales se desarroll\u00f3 en dependencias de las emisoras, Radio Chilo\u00e9 y MRG, el lanzamiento oficial de la nueva p\u00e1gina web y la inauguraci\u00f3n del museo \u201c50 a\u00f1os de Historia\u201d. En la oportunidad el gerente de ambas radios, Milton Sep\u00falveda, a trav\u00e9s de su discurso, agradeci\u00f3 la presencia [&hellip;]<\/p>\n","protected":false},"author":3,"featured_media":419,"comment_status":"open","ping_status":"open","sticky":false,"template":"","format":"standard","meta":[],"categories":[3],"tags":[5],"jetpack_featured_media_url":"https:\/\/www.radiochiloe.cl\/wp-content\/uploads\/2012\/06\/paginamuseo.jpg","_links":{"self":[{"href":"https:\/\/www.radiochiloe.cl\/index.php?rest_route=\/wp\/v2\/posts\/418"}],"collection":[{"href":"https:\/\/www.radiochiloe.cl\/index.php?rest_route=\/wp\/v2\/posts"}],"about":[{"href":"https:\/\/www.radiochiloe.cl\/index.php?rest_route=\/wp\/v2\/types\/post"}],"author":[{"embeddable":true,"href":"https:\/\/www.radiochiloe.cl\/index.php?rest_route=\/wp\/v2\/users\/3"}],"replies":[{"embeddable":true,"href":"https:\/\/www.radiochiloe.cl\/index.php?rest_route=%2Fwp%2Fv2%2Fcomments&post=418"}],"version-history":[{"count":4,"href":"https:\/\/www.radiochiloe.cl\/index.php?rest_route=\/wp\/v2\/posts\/418\/revisions"}],"predecessor-version":[{"id":423,"href":"https:\/\/www.radiochiloe.cl\/index.php?rest_route=\/wp\/v2\/posts\/418\/revisions\/423"}],"wp:featuredmedia":[{"embeddable":true,"href":"https:\/\/www.radiochiloe.cl\/index.php?rest_route=\/wp\/v2\/media\/419"}],"wp:attachment":[{"href":"https:\/\/www.radiochiloe.cl\/index.php?rest_route=%2Fwp%2Fv2%2Fmedia&parent=418"}],"wp:term":[{"taxonomy":"category","embeddable":true,"href":"https:\/\/www.radiochiloe.cl\/index.php?rest_route=%2Fwp%2Fv2%2Fcategories&post=418"},{"taxonomy":"post_tag","embeddable":true,"href":"https:\/\/www.radiochiloe.cl\/index.php?rest_route=%2Fwp%2Fv2%2Ftags&post=418"}],"curies":[{"name":"wp","href":"https:\/\/api.w.org\/{rel}","templated":true}]}}