{"id":424,"date":"2012-06-08T15:27:44","date_gmt":"2012-06-08T19:27:44","guid":{"rendered":"http:\/\/www.radiochiloe.cl\/?p=424"},"modified":"2012-06-08T15:27:44","modified_gmt":"2012-06-08T19:27:44","slug":"pdi-detuvo-a-cinco-sujetos-que-robaron-en-liceo-ancuditano","status":"publish","type":"post","link":"https:\/\/www.radiochiloe.cl\/?p=424","title":{"rendered":"PDI detuvo a cinco sujetos que robaron en liceo ancuditano"},"content":{"rendered":"<p style=\"text-align: justify;\">Detectives dela Brigadade Investigaci\u00f3n Criminal de Ancud desbarataron una banda que se dedicaba a robar y reducir especies, aclarando el robo que afect\u00f3 al Liceo Domingo Espi\u00f1eira Riesco de la comuna de Ancud.<\/p>\n<p style=\"text-align: justify;\">Los imputados tendr\u00edan responsabilidad en los delitos de Robo\u00a0 en Lugar No Habitado y receptaci\u00f3n flagrante y sus iniciales son F.S.L.U. (20), E.E.E.M. (20), C.C.G.S. (20) y J.D.T.T. (29), \u00e9ste \u00faltimo registra antecedentes por los delitos de Lesiones menos Graves, Hurto Simple, Robo e Infracci\u00f3n ala Ley de Propiedad Intelectual y Ocultaci\u00f3n de Identidad.<\/p>\n<p style=\"text-align: justify;\">Los sujetos ingresaron al establecimiento educacional el 11 de mayo pasado, forzando dos puertas para sustraer diversos aparatos computacionales los que ocultaron en un sitio eriazo para luego reducirlos entre sus amistades.<\/p>\n<p style=\"text-align: justify;\">Los detenidos fueron puestos a disposici\u00f3n de la fiscal\u00eda Local de Ancud, quedando a la espera de citaci\u00f3n.<\/p>\n<p style=\"text-align: justify;\">\n<p style=\"text-align: justify;\">Departamento de Prensa<\/p>\n","protected":false},"excerpt":{"rendered":"<p>Detectives dela Brigadade Investigaci\u00f3n Criminal de Ancud desbarataron una banda que se dedicaba a robar y reducir especies, aclarando el robo que afect\u00f3 al Liceo Domingo Espi\u00f1eira Riesco de la comuna de Ancud. Los imputados tendr\u00edan responsabilidad en los delitos de Robo\u00a0 en Lugar No Habitado y receptaci\u00f3n flagrante y sus iniciales son F.S.L.U. (20), [&hellip;]<\/p>\n","protected":false},"author":3,"featured_media":425,"comment_status":"open","ping_status":"open","sticky":false,"template":"","format":"standard","meta":[],"categories":[3],"tags":[5],"jetpack_featured_media_url":"https:\/\/www.radiochiloe.cl\/wp-content\/uploads\/2012\/06\/fotoroboliceo.jpg","_links":{"self":[{"href":"https:\/\/www.radiochiloe.cl\/index.php?rest_route=\/wp\/v2\/posts\/424"}],"collection":[{"href":"https:\/\/www.radiochiloe.cl\/index.php?rest_route=\/wp\/v2\/posts"}],"about":[{"href":"https:\/\/www.radiochiloe.cl\/index.php?rest_route=\/wp\/v2\/types\/post"}],"author":[{"embeddable":true,"href":"https:\/\/www.radiochiloe.cl\/index.php?rest_route=\/wp\/v2\/users\/3"}],"replies":[{"embeddable":true,"href":"https:\/\/www.radiochiloe.cl\/index.php?rest_route=%2Fwp%2Fv2%2Fcomments&post=424"}],"version-history":[{"count":2,"href":"https:\/\/www.radiochiloe.cl\/index.php?rest_route=\/wp\/v2\/posts\/424\/revisions"}],"predecessor-version":[{"id":427,"href":"https:\/\/www.radiochiloe.cl\/index.php?rest_route=\/wp\/v2\/posts\/424\/revisions\/427"}],"wp:featuredmedia":[{"embeddable":true,"href":"https:\/\/www.radiochiloe.cl\/index.php?rest_route=\/wp\/v2\/media\/425"}],"wp:attachment":[{"href":"https:\/\/www.radiochiloe.cl\/index.php?rest_route=%2Fwp%2Fv2%2Fmedia&parent=424"}],"wp:term":[{"taxonomy":"category","embeddable":true,"href":"https:\/\/www.radiochiloe.cl\/index.php?rest_route=%2Fwp%2Fv2%2Fcategories&post=424"},{"taxonomy":"post_tag","embeddable":true,"href":"https:\/\/www.radiochiloe.cl\/index.php?rest_route=%2Fwp%2Fv2%2Ftags&post=424"}],"curies":[{"name":"wp","href":"https:\/\/api.w.org\/{rel}","templated":true}]}}