{"id":46345,"date":"2017-06-01T09:00:06","date_gmt":"2017-06-01T13:00:06","guid":{"rendered":"http:\/\/www.radiochiloe.cl\/?p=46345"},"modified":"2017-05-31T21:08:31","modified_gmt":"2017-06-01T01:08:31","slug":"regional-medicos-se-capacitaron-en-diagnostico-del-mal-de-presion","status":"publish","type":"post","link":"https:\/\/www.radiochiloe.cl\/?p=46345","title":{"rendered":"Regional: m\u00e9dicos se capacitaron en diagn\u00f3stico del mal de presi\u00f3n."},"content":{"rendered":"<p style=\"text-align: justify;\">En Puerto Montt, la Mesa Regional de Buceo, liderada por la Seremi de Salud Los Lagos llev\u00f3 a cabo la \u00abIV Jornada de medicina sub acu\u00e1tica, una mirada local\u201d, donde se abordaron temas de prevenci\u00f3n y seguridad para los trabajadores expuestos a riesgos de accidentes y enfermedades en la actividad del buceo.<\/p>\n<p style=\"text-align: justify;\">Esta actividad tuvo por objetivo presentar antecedentes en el \u00e1mbito de la salud y seguridad del buceo profesional en la Regi\u00f3n de Los Lagos y capacitar a M\u00e9dicos Generales de Zona en Etapa de Destinaci\u00f3n y Formaci\u00f3n sobre conceptos b\u00e1sicos de fisiolog\u00eda del buceo, diagn\u00f3stico y manejo inicial de casos de enfermedad descompresiva.<\/p>\n<p style=\"text-align: justify;\">La seremi de salud Eugenia Schanke, destac\u00f3 est\u00e1 instancia dirigida a los m\u00e9dicos que llegaron a nuestra regi\u00f3n en etapa de destinaci\u00f3n y formaci\u00f3n, muchos de los cuales realizan labores en centros aislados o lejanos, asegurando que \u201ces importante seguir creciendo en actividades que concienticen a la comunidad, as\u00ed como la importancia de capacitar a nuestros m\u00e9dicos de la red asistencial, ya que son ellos los primeros en recibir este tipo de pacientes que necesitan una atenci\u00f3n r\u00e1pida y especializada para este tipo de patolog\u00eda en particular, donde el buen y oportuno diagn\u00f3stico, har\u00e1n que el paciente tratado tenga m\u00e1s y mejores opciones de mejora en su calidad de vida posterior a un accidente grave de buceo\u201d.<\/p>\n<p style=\"text-align: justify;\">De acuerdo a los registros de la c\u00e1mara hiperb\u00e1rica de Ancud, en los \u00faltimos 3 a\u00f1os se ha constatado un aumento de los accidentes y enfermedades asociadas al buceo, ya que el a\u00f1o 2014 se atendieron en este recinto a\u00a0 55 pacientes por enfermedad descompresiva, el 2015 se atendieron 60 trabajadores y durante el a\u00f1o 2016 la cifra de atenci\u00f3n aument\u00f3 a 76 casos.<\/p>\n<p style=\"text-align: justify;\">La autoridad tambi\u00e9n recalc\u00f3 que el 2016 se registr\u00f3 un accidente cuya gravedad no se ve\u00eda desde hace por lo menos una d\u00e9cada, donde el paciente producto de un enfermedad descompresiva qued\u00f3 parapl\u00e9jico. \u201cEste caso como otros de importancia desde el punto de vista de las secuelas, nos hace pensar que hemos tenido un retroceso en cuanto a la seguridad de nuestros trabajadores y trabajadoras del mar\u201d, asegur\u00f3 la seremi de salud.<\/p>\n<p style=\"text-align: justify;\">En el encuentro participaron como expositores, los representantes de las instituciones que conforman la Mesa Regional de Buceo, entre los que se encuntran la Escuela de Fonoaudiolog\u00eda de la Universidad Austral, Seremi de Salud, Gobernaci\u00f3n Mar\u00edtima Puerto Montt, Subsecretar\u00eda de Salud P\u00fablica, Equipo de Medicina Subacu\u00e1tica Hospital de Ancud; Salud Terminal Pesquero de Carelmapu;\u00a0 y la Unidad Subacu\u00e1tica Hospital Ancud, Referente t\u00e9cnico de Medicina Subacu\u00e1tica Servicio de Salud Chilo\u00e9.<\/p>\n<p style=\"text-align: justify;\">La mesa de buceo seguro se conform\u00f3 en el a\u00f1o 2010 con el objetivo de\u00a0 trabajar con todos los sectores involucrados en esta \u00e1rea en particular, siendo el sector de la pesca artesanal la de mayor intervenci\u00f3n, entreg\u00e1ndoles capacitaci\u00f3n, apoyo y atenci\u00f3n m\u00e9dica gratuita cuando los pescadores as\u00ed lo requieren.<\/p>\n","protected":false},"excerpt":{"rendered":"<p>En Puerto Montt, la Mesa Regional de Buceo, liderada por la Seremi de Salud Los Lagos llev\u00f3 a cabo la \u00abIV Jornada de medicina sub acu\u00e1tica, una mirada local\u201d, donde se abordaron temas de prevenci\u00f3n y seguridad para los trabajadores expuestos a riesgos de accidentes y enfermedades en la actividad del buceo. Esta actividad tuvo [&hellip;]<\/p>\n","protected":false},"author":9,"featured_media":45931,"comment_status":"open","ping_status":"open","sticky":false,"template":"","format":"standard","meta":[],"categories":[3],"tags":[5],"jetpack_featured_media_url":"https:\/\/www.radiochiloe.cl\/wp-content\/uploads\/2017\/05\/cocholgue-1-e1494976267371.jpg","_links":{"self":[{"href":"https:\/\/www.radiochiloe.cl\/index.php?rest_route=\/wp\/v2\/posts\/46345"}],"collection":[{"href":"https:\/\/www.radiochiloe.cl\/index.php?rest_route=\/wp\/v2\/posts"}],"about":[{"href":"https:\/\/www.radiochiloe.cl\/index.php?rest_route=\/wp\/v2\/types\/post"}],"author":[{"embeddable":true,"href":"https:\/\/www.radiochiloe.cl\/index.php?rest_route=\/wp\/v2\/users\/9"}],"replies":[{"embeddable":true,"href":"https:\/\/www.radiochiloe.cl\/index.php?rest_route=%2Fwp%2Fv2%2Fcomments&post=46345"}],"version-history":[{"count":1,"href":"https:\/\/www.radiochiloe.cl\/index.php?rest_route=\/wp\/v2\/posts\/46345\/revisions"}],"predecessor-version":[{"id":46346,"href":"https:\/\/www.radiochiloe.cl\/index.php?rest_route=\/wp\/v2\/posts\/46345\/revisions\/46346"}],"wp:featuredmedia":[{"embeddable":true,"href":"https:\/\/www.radiochiloe.cl\/index.php?rest_route=\/wp\/v2\/media\/45931"}],"wp:attachment":[{"href":"https:\/\/www.radiochiloe.cl\/index.php?rest_route=%2Fwp%2Fv2%2Fmedia&parent=46345"}],"wp:term":[{"taxonomy":"category","embeddable":true,"href":"https:\/\/www.radiochiloe.cl\/index.php?rest_route=%2Fwp%2Fv2%2Fcategories&post=46345"},{"taxonomy":"post_tag","embeddable":true,"href":"https:\/\/www.radiochiloe.cl\/index.php?rest_route=%2Fwp%2Fv2%2Ftags&post=46345"}],"curies":[{"name":"wp","href":"https:\/\/api.w.org\/{rel}","templated":true}]}}