{"id":56103,"date":"2018-08-23T13:10:30","date_gmt":"2018-08-23T16:10:30","guid":{"rendered":"http:\/\/www.radiochiloe.cl\/?p=56103"},"modified":"2018-08-23T13:10:30","modified_gmt":"2018-08-23T16:10:30","slug":"castro-comunidad-indigena-denuncia-irregularidades-en-explotacion-de-recursos-forestales","status":"publish","type":"post","link":"https:\/\/www.radiochiloe.cl\/?p=56103","title":{"rendered":"Castro: comunidad ind\u00edgena denuncia irregularidades en explotaci\u00f3n de recursos forestales."},"content":{"rendered":"<p style=\"font-weight: 400; text-align: justify;\">Comuneros de la comunidad ind\u00edgena de Natri Bajo-Molulco denuncian una serie de irregularidades que estar\u00edan afectando desde hace varios a\u00f1os al Fundo Coihuin de Compu.<\/p>\n<p style=\"font-weight: 400; text-align: justify;\">As\u00ed se expresa a trav\u00e9s de una carta hecha llegar al Director Nacional de la Corporaci\u00f3n Nacional de Desarrollo Ind\u00edgena, CONADI, Jorge Retamal, principalmente por la explotaci\u00f3n de madera que se ha venido produciendo en el Fundo Tepuhueico, Fundo Coihuin y parte de las tierras de la empresa Golden Spring, donde habr\u00edan alrededor de mil 200 hect\u00e1reas deforestadas de acuerdo a una investigaci\u00f3n realizada por funcionarios de la Polic\u00eda de Investigaciones a ra\u00edz de las denuncias efectuadas por los mismos comuneros.<\/p>\n<p style=\"font-weight: 400; text-align: justify;\">As\u00ed lo se\u00f1al\u00f3 a radiochiloe.cl Manuel Rauque (derecha foto), Presidente de la comunidad ind\u00edgena de Natri Bajo-Molulco, apuntando a la persona de Am\u00e9rico Lincoman, Cacique Mayor del Consejo de Caciques de Chilo\u00e9, acusando aprovechamiento econ\u00f3mico por parte de \u00e9l\u00a0 y sus m\u00e1s cercanos gracias a la destrucci\u00f3n del ecosistema, seg\u00fan se\u00f1al\u00f3:<\/p>\n<!--[if lt IE 9]><script>document.createElement('audio');<\/script><![endif]-->\n<audio class=\"wp-audio-shortcode\" id=\"audio-56103-1\" preload=\"none\" style=\"width: 100%;\" controls=\"controls\"><source type=\"audio\/mpeg\" src=\"http:\/\/www.radiochiloe.cl\/wp-content\/uploads\/2018\/08\/CU\u00d1A-1-MANUEL-RAUQUE-23-DE-AGOSTO.mp3?_=1\" \/><a href=\"http:\/\/www.radiochiloe.cl\/wp-content\/uploads\/2018\/08\/CU\u00d1A-1-MANUEL-RAUQUE-23-DE-AGOSTO.mp3\">http:\/\/www.radiochiloe.cl\/wp-content\/uploads\/2018\/08\/CU\u00d1A-1-MANUEL-RAUQUE-23-DE-AGOSTO.mp3<\/a><\/audio>\n<p style=\"font-weight: 400; text-align: justify;\">Manuel Rauque, se\u00f1al\u00f3, adem\u00e1s, que esta situaci\u00f3n los llev\u00f3 a estampar la respectiva denuncia, en la oficina provincial de Conaf, contra Am\u00e9rico Lincoman, Armando Montecinos y otras personas, lo que deriv\u00f3 en que se lleva adelante un juicio por esta causa en el Juzgado de Polic\u00eda local de Castro:<\/p>\n<audio class=\"wp-audio-shortcode\" id=\"audio-56103-2\" preload=\"none\" style=\"width: 100%;\" controls=\"controls\"><source type=\"audio\/mpeg\" src=\"http:\/\/www.radiochiloe.cl\/wp-content\/uploads\/2018\/08\/CU\u00d1A-2-MANUEL-RAUQUE-23-DE-AGOSTO.mp3?_=2\" \/><a href=\"http:\/\/www.radiochiloe.cl\/wp-content\/uploads\/2018\/08\/CU\u00d1A-2-MANUEL-RAUQUE-23-DE-AGOSTO.mp3\">http:\/\/www.radiochiloe.cl\/wp-content\/uploads\/2018\/08\/CU\u00d1A-2-MANUEL-RAUQUE-23-DE-AGOSTO.mp3<\/a><\/audio>\n<p style=\"font-weight: 400; text-align: justify;\">Rauque se\u00f1al\u00f3 que, esta situaci\u00f3n la hicieron p\u00fablica, debido que muchas denuncias quedaron sin ser tomadas en consideraci\u00f3n:<\/p>\n<audio class=\"wp-audio-shortcode\" id=\"audio-56103-3\" preload=\"none\" style=\"width: 100%;\" controls=\"controls\"><source type=\"audio\/mpeg\" src=\"http:\/\/www.radiochiloe.cl\/wp-content\/uploads\/2018\/08\/CU\u00d1A-3-MANUEL-RAUQUE-23-DE-AGOSTO.mp3?_=3\" \/><a href=\"http:\/\/www.radiochiloe.cl\/wp-content\/uploads\/2018\/08\/CU\u00d1A-3-MANUEL-RAUQUE-23-DE-AGOSTO.mp3\">http:\/\/www.radiochiloe.cl\/wp-content\/uploads\/2018\/08\/CU\u00d1A-3-MANUEL-RAUQUE-23-DE-AGOSTO.mp3<\/a><\/audio>\n<p style=\"font-weight: 400; text-align: justify;\">Por su parte, Armando Montecinos, vicepresidente del Fundo Coihuin de Compu, sali\u00f3 al paso de los dichos de Manuel Rauque, se\u00f1alando que hay 80 planes de manejo forestal que son permanentemente fiscalizados por CONAF:<\/p>\n<audio class=\"wp-audio-shortcode\" id=\"audio-56103-4\" preload=\"none\" style=\"width: 100%;\" controls=\"controls\"><source type=\"audio\/mpeg\" src=\"http:\/\/www.radiochiloe.cl\/wp-content\/uploads\/2018\/08\/CU\u00d1A-1-ARMANDO-MONTECINOS-23-DE-AGOSTO.mp3?_=4\" \/><a href=\"http:\/\/www.radiochiloe.cl\/wp-content\/uploads\/2018\/08\/CU\u00d1A-1-ARMANDO-MONTECINOS-23-DE-AGOSTO.mp3\">http:\/\/www.radiochiloe.cl\/wp-content\/uploads\/2018\/08\/CU\u00d1A-1-ARMANDO-MONTECINOS-23-DE-AGOSTO.mp3<\/a><\/audio>\n<p style=\"font-weight: 400;\">Montecinos, fue enf\u00e1tico en indicar que no existe autoritarismo, como se quiere dar a entender:<\/p>\n<audio class=\"wp-audio-shortcode\" id=\"audio-56103-5\" preload=\"none\" style=\"width: 100%;\" controls=\"controls\"><source type=\"audio\/mpeg\" src=\"http:\/\/www.radiochiloe.cl\/wp-content\/uploads\/2018\/08\/CU\u00d1A-2-ARMANDO-MONTECINOSS-23-DE-AGOSTO.mp3?_=5\" \/><a href=\"http:\/\/www.radiochiloe.cl\/wp-content\/uploads\/2018\/08\/CU\u00d1A-2-ARMANDO-MONTECINOSS-23-DE-AGOSTO.mp3\">http:\/\/www.radiochiloe.cl\/wp-content\/uploads\/2018\/08\/CU\u00d1A-2-ARMANDO-MONTECINOSS-23-DE-AGOSTO.mp3<\/a><\/audio>\n<p style=\"font-weight: 400;\">Finalmente, Manuel Rauque, se\u00f1al\u00f3 que la destrucci\u00f3n ocasionada hasta el momento alcanzar\u00eda un avalu\u00f3 de 22 mil millones de pesos, de acuerdo a la informaci\u00f3n que maneja CONAF.<\/p>\n","protected":false},"excerpt":{"rendered":"<p>Comuneros de la comunidad ind\u00edgena de Natri Bajo-Molulco denuncian una serie de irregularidades que estar\u00edan afectando desde hace varios a\u00f1os al Fundo Coihuin de Compu. As\u00ed se expresa a trav\u00e9s de una carta hecha llegar al Director Nacional de la Corporaci\u00f3n Nacional de Desarrollo Ind\u00edgena, CONADI, Jorge Retamal, principalmente por la explotaci\u00f3n de madera que [&hellip;]<\/p>\n","protected":false},"author":9,"featured_media":56109,"comment_status":"open","ping_status":"open","sticky":false,"template":"","format":"audio","meta":[],"categories":[3],"tags":[5],"jetpack_featured_media_url":"https:\/\/www.radiochiloe.cl\/wp-content\/uploads\/2018\/08\/269b2f44-72b4-40c7-a0a0-73e7b2a84710-e1535039844680.jpg","_links":{"self":[{"href":"https:\/\/www.radiochiloe.cl\/index.php?rest_route=\/wp\/v2\/posts\/56103"}],"collection":[{"href":"https:\/\/www.radiochiloe.cl\/index.php?rest_route=\/wp\/v2\/posts"}],"about":[{"href":"https:\/\/www.radiochiloe.cl\/index.php?rest_route=\/wp\/v2\/types\/post"}],"author":[{"embeddable":true,"href":"https:\/\/www.radiochiloe.cl\/index.php?rest_route=\/wp\/v2\/users\/9"}],"replies":[{"embeddable":true,"href":"https:\/\/www.radiochiloe.cl\/index.php?rest_route=%2Fwp%2Fv2%2Fcomments&post=56103"}],"version-history":[{"count":1,"href":"https:\/\/www.radiochiloe.cl\/index.php?rest_route=\/wp\/v2\/posts\/56103\/revisions"}],"predecessor-version":[{"id":56110,"href":"https:\/\/www.radiochiloe.cl\/index.php?rest_route=\/wp\/v2\/posts\/56103\/revisions\/56110"}],"wp:featuredmedia":[{"embeddable":true,"href":"https:\/\/www.radiochiloe.cl\/index.php?rest_route=\/wp\/v2\/media\/56109"}],"wp:attachment":[{"href":"https:\/\/www.radiochiloe.cl\/index.php?rest_route=%2Fwp%2Fv2%2Fmedia&parent=56103"}],"wp:term":[{"taxonomy":"category","embeddable":true,"href":"https:\/\/www.radiochiloe.cl\/index.php?rest_route=%2Fwp%2Fv2%2Fcategories&post=56103"},{"taxonomy":"post_tag","embeddable":true,"href":"https:\/\/www.radiochiloe.cl\/index.php?rest_route=%2Fwp%2Fv2%2Ftags&post=56103"}],"curies":[{"name":"wp","href":"https:\/\/api.w.org\/{rel}","templated":true}]}}