{"id":5842,"date":"2012-11-23T09:48:45","date_gmt":"2012-11-23T13:48:45","guid":{"rendered":"http:\/\/www.radiochiloe.cl\/?p=5842"},"modified":"2012-11-23T09:48:45","modified_gmt":"2012-11-23T13:48:45","slug":"ayer-se-inauguraron-las-obras-de-restauracion-de-fuerte-ahui-en-ancud","status":"publish","type":"post","link":"https:\/\/www.radiochiloe.cl\/?p=5842","title":{"rendered":"Ayer se inauguraron las obras de restauraci\u00f3n de Fuerte Ahui en Ancud"},"content":{"rendered":"<p style=\"text-align: justify;\">Con la presencia del Subsecretario de Desarrollo Regional y Administrativo, Miguel Flores, el intendente de la Regi\u00f3n de Los Lagos, Jaime Brahm, y el alcalde de Ancud, Federico Kruger, se inaugur\u00f3 la restauraci\u00f3n y puesta en valor del Fuerte San Miguel de Ahui en Ancud, que es parte de los proyectos elegidos por el Presidente Sebasti\u00e1n Pi\u00f1era para integrar el Programa Legado Bicentenario.<\/p>\n<p style=\"text-align: justify;\">La edificaci\u00f3n es monumento nacional y forma parte de un sistema de defensa ubicado estrat\u00e9gicamente en el canal de Chacao, que protegi\u00f3 al territorio de ataques por parte de corsarios europeos. Durante la colonia, la zona se constituy\u00f3 por m\u00e1s de 12 puntos fortificados, de los cuales hoy se conservan en la comuna de Ancud los Fuertes de San Carlos (Fuerte Real), San Antonio y Ahui y las bater\u00edas de Chaicura y Balcacura.<\/p>\n<p style=\"text-align: justify;\">El Subsecretario Miguel Flores se\u00f1al\u00f3 que el objetivo principal de esta restauraci\u00f3n fue recuperar el patrimonio cultural e hist\u00f3rico que representan estas edificaciones y crear un circuito tur\u00edstico de fortificaciones que sirvan para comprender la totalidad de un sistema defensivo propio de una \u00e9poca hist\u00f3rica determinada. \u201cEl compromiso del gobierno del Presidente Sebasti\u00e1n Pi\u00f1era es preservar nuestra historia y cultura para las nuevas generaciones. Es por ello que este fuerte se consider\u00f3 dentro del programa Legado Bicentenario por su riqueza patrimonial e hist\u00f3rica\u201d, destac\u00f3.<\/p>\n<p style=\"text-align: justify;\">El trabajo de recuperaci\u00f3n de las edificaciones que datan de fines de mil 700 y terrenos aleda\u00f1os, represent\u00f3 una inversi\u00f3n de 764 millones 205 mil 201, financiados por el Programa Puesta en Valor del Patrimonio de la SUBDERE, y se llev\u00f3 a cabo en 10 meses y en tres etapas. Lo primero fue restaurar las construcciones existentes para luego levantar el museo de sitio, que contendr\u00e1 una peque\u00f1a muestra que explica el lugar, y por \u00faltimo la consolidaci\u00f3n de un circuito de senderos que permiten recorrer la zona en toda su extensi\u00f3n. A esto se sum\u00f3 la construcci\u00f3n de un muelle y embarcadero que hace posible el acceso v\u00eda mar\u00edtimo hasta el fuerte, lo que disminuye en casi 40 minutos el traslado desde el centro de Ancud. Esto tambi\u00e9n permitir\u00e1 que las personas puedan disfrutar del paisaje y el entorno de este sector de la isla de Chilo\u00e9.<\/p>\n<p style=\"text-align: justify;\">Por su parte, el intendente de Los Lagos, Jaime Brahm, resalt\u00f3 la importancia de la puesta en valor del Fuerte Ahui, ya que forma parte del rico patrimonio cultural del archipi\u00e9lago de Chilo\u00e9, que es uno de los atractivos tur\u00edsticos m\u00e1s importantes en la Regi\u00f3n. En ese sentido la autoridad destac\u00f3 que para potenciar esta industria, inversiones como la de la red de fortificaciones de Ancud se suman a otras como la futura pol\u00edtica regional de desarrollo tur\u00edstico.<\/p>\n<p style=\"text-align: justify;\">\u201cEste mi\u00e9rcoles se aprob\u00f3 en el Consejo Regional un presupuesto superior a los 260 millones que nos permitir\u00e1 dise\u00f1ar una pol\u00edtica de desarrollo tur\u00edstico para la regi\u00f3n y proyectos como estos que rescatan la historia y cultura de Chilo\u00e9 son un ejemplo de la riqueza que tiene nuestra regi\u00f3n\u201d, coment\u00f3.<\/p>\n<p style=\"text-align: justify;\">Durante la ceremonia de inauguraci\u00f3n se hizo entrega formal de las fortalezas a la municipalidad de Ancud, la cual tendr\u00e1 la responsabilidad de administrar y preservar el lugar.<\/p>\n<p style=\"text-align: justify;\">Departamento de Prensa<\/p>\n","protected":false},"excerpt":{"rendered":"<p>Con la presencia del Subsecretario de Desarrollo Regional y Administrativo, Miguel Flores, el intendente de la Regi\u00f3n de Los Lagos, Jaime Brahm, y el alcalde de Ancud, Federico Kruger, se inaugur\u00f3 la restauraci\u00f3n y puesta en valor del Fuerte San Miguel de Ahui en Ancud, que es parte de los proyectos elegidos por el Presidente [&hellip;]<\/p>\n","protected":false},"author":2,"featured_media":5843,"comment_status":"open","ping_status":"open","sticky":false,"template":"","format":"standard","meta":[],"categories":[3],"tags":[5],"jetpack_featured_media_url":"https:\/\/www.radiochiloe.cl\/wp-content\/uploads\/2012\/11\/fuerte1.jpg","_links":{"self":[{"href":"https:\/\/www.radiochiloe.cl\/index.php?rest_route=\/wp\/v2\/posts\/5842"}],"collection":[{"href":"https:\/\/www.radiochiloe.cl\/index.php?rest_route=\/wp\/v2\/posts"}],"about":[{"href":"https:\/\/www.radiochiloe.cl\/index.php?rest_route=\/wp\/v2\/types\/post"}],"author":[{"embeddable":true,"href":"https:\/\/www.radiochiloe.cl\/index.php?rest_route=\/wp\/v2\/users\/2"}],"replies":[{"embeddable":true,"href":"https:\/\/www.radiochiloe.cl\/index.php?rest_route=%2Fwp%2Fv2%2Fcomments&post=5842"}],"version-history":[{"count":2,"href":"https:\/\/www.radiochiloe.cl\/index.php?rest_route=\/wp\/v2\/posts\/5842\/revisions"}],"predecessor-version":[{"id":5845,"href":"https:\/\/www.radiochiloe.cl\/index.php?rest_route=\/wp\/v2\/posts\/5842\/revisions\/5845"}],"wp:featuredmedia":[{"embeddable":true,"href":"https:\/\/www.radiochiloe.cl\/index.php?rest_route=\/wp\/v2\/media\/5843"}],"wp:attachment":[{"href":"https:\/\/www.radiochiloe.cl\/index.php?rest_route=%2Fwp%2Fv2%2Fmedia&parent=5842"}],"wp:term":[{"taxonomy":"category","embeddable":true,"href":"https:\/\/www.radiochiloe.cl\/index.php?rest_route=%2Fwp%2Fv2%2Fcategories&post=5842"},{"taxonomy":"post_tag","embeddable":true,"href":"https:\/\/www.radiochiloe.cl\/index.php?rest_route=%2Fwp%2Fv2%2Ftags&post=5842"}],"curies":[{"name":"wp","href":"https:\/\/api.w.org\/{rel}","templated":true}]}}