{"id":6314,"date":"2012-12-10T14:58:16","date_gmt":"2012-12-10T18:58:16","guid":{"rendered":"http:\/\/www.radiochiloe.cl\/?p=6314"},"modified":"2012-12-10T14:58:16","modified_gmt":"2012-12-10T18:58:16","slug":"en-queilen-se-realizo-un-emotivo-cambio-de-mando","status":"publish","type":"post","link":"https:\/\/www.radiochiloe.cl\/?p=6314","title":{"rendered":"En Queilen se realiz\u00f3 un emotivo cambio de mando"},"content":{"rendered":"<p style=\"text-align: justify;\">Ante un gimnasio municipal completamente lleno se llev\u00f3 a cabo la ceremonia de cambio de mando en la comuna de Queilen, un acto en el cual el ex alcalde Carlos G\u00f3mez Miranda entregaba el municipio tras 20 a\u00f1os de servidor p\u00fablico, ya que debemos recordar que fue dos a\u00f1os concejal y 18 como alcalde. Fue as\u00ed como este acto alcanz\u00f3 bastante expectaci\u00f3n en la zona, puesto que llegaron m\u00e1s de 700 personas presenciar la ceremonia.<\/p>\n<p style=\"text-align: justify;\">Durante la ceremonia se exhibi\u00f3 un completo documental, material audiovisual donde se mostr\u00f3 toda la gesti\u00f3n de Carlos G\u00f3mez desde el a\u00f1o 1992 hasta la fecha, destac\u00e1ndose por ejemplo los grandes avances en educaci\u00f3n, como lo fue la creaci\u00f3n de la ense\u00f1anza media, la construcci\u00f3n de un Centro Cultural, la consolidaci\u00f3n de un sistema de salud Municipal, la construcci\u00f3n de la moderna escuela Santa Mar\u00eda y el m\u00e1s grande de todos, la carretera que une a esta ciudad con Chonchi que cost\u00f3 m\u00e1s de 9 mil millones de pesos, s\u00f3lo por nombrar algunas de las mejoras en la comuna.<\/p>\n<p style=\"text-align: justify;\">Posteriormente vino la presentaci\u00f3n del conjunto de cuerdas de la Corporaci\u00f3n de Educaci\u00f3n de Queilen y luego la actuaci\u00f3n de Susana S\u00e1ez, cantante folcl\u00f3rica ganadora del estelar de Chilevisi\u00f3n \u201cTalento Chileno\u201d.<\/p>\n<p style=\"text-align: justify;\">M\u00e1s tarde vino la entrega de actas en donde Carlos G\u00f3mez da cuenta al nuevo alcalde Manuel Godoy, de la gesti\u00f3n, para que despu\u00e9s se conformara de manera definitiva el nuevo Concejo.<\/p>\n<p style=\"text-align: justify;\">El nuevo Concejo qued\u00f3 conformado de la siguiente manera, Ren\u00e9 Vera, Miguel \u00d1ancul, Maritza Aguilar, Santiago Navarro, Ervin Andrade y Cristina Andrade.<\/p>\n<p style=\"text-align: justify;\">Al final de la ceremonia el ya, ex alcalde Carlos G\u00f3mez Miranda se\u00f1al\u00f3 su satisfacci\u00f3n por haber servido por tantos a\u00f1os su comuna y agradeci\u00f3 a su pueblo por entregarle tanta confianza, cari\u00f1o y apoyo a su gesti\u00f3n.<\/p>\n<p style=\"text-align: justify;\">Por su parte el nuevo alcalde Manuel Godoy dijo que \u201cestoy muy agradecido de la gente de Queilen, de quienes llamaron y enviaron correos, para m\u00ed este es un gran desaf\u00edo y realizaremos nuestro trabajo con la mayor energ\u00eda y convicci\u00f3n, espero tener el apoyo de nuestro nuevo Concejo municipal, ojala nuestro trabajo sea un aporte para la gente y vamos a luchar por tener proyectos concretos de crecimiento para nuestra comuna\u201d.<\/p>\n<p style=\"text-align: justify;\">De esta forma termina la gesti\u00f3n de 18 a\u00f1os como alcalde de Carlos G\u00f3mez quien se va como concejal a la ciudad de Ancud y da paso al primer alcalde de gobierno (UDI) a Manuel Godoy Vel\u00e1squez.<\/p>\n<p style=\"text-align: justify;\">Departamento de Prensa<\/p>\n","protected":false},"excerpt":{"rendered":"<p>Ante un gimnasio municipal completamente lleno se llev\u00f3 a cabo la ceremonia de cambio de mando en la comuna de Queilen, un acto en el cual el ex alcalde Carlos G\u00f3mez Miranda entregaba el municipio tras 20 a\u00f1os de servidor p\u00fablico, ya que debemos recordar que fue dos a\u00f1os concejal y 18 como alcalde. Fue [&hellip;]<\/p>\n","protected":false},"author":2,"featured_media":6315,"comment_status":"open","ping_status":"open","sticky":false,"template":"","format":"standard","meta":[],"categories":[3],"tags":[5],"jetpack_featured_media_url":"https:\/\/www.radiochiloe.cl\/wp-content\/uploads\/2012\/12\/godoy.jpg","_links":{"self":[{"href":"https:\/\/www.radiochiloe.cl\/index.php?rest_route=\/wp\/v2\/posts\/6314"}],"collection":[{"href":"https:\/\/www.radiochiloe.cl\/index.php?rest_route=\/wp\/v2\/posts"}],"about":[{"href":"https:\/\/www.radiochiloe.cl\/index.php?rest_route=\/wp\/v2\/types\/post"}],"author":[{"embeddable":true,"href":"https:\/\/www.radiochiloe.cl\/index.php?rest_route=\/wp\/v2\/users\/2"}],"replies":[{"embeddable":true,"href":"https:\/\/www.radiochiloe.cl\/index.php?rest_route=%2Fwp%2Fv2%2Fcomments&post=6314"}],"version-history":[{"count":2,"href":"https:\/\/www.radiochiloe.cl\/index.php?rest_route=\/wp\/v2\/posts\/6314\/revisions"}],"predecessor-version":[{"id":6317,"href":"https:\/\/www.radiochiloe.cl\/index.php?rest_route=\/wp\/v2\/posts\/6314\/revisions\/6317"}],"wp:featuredmedia":[{"embeddable":true,"href":"https:\/\/www.radiochiloe.cl\/index.php?rest_route=\/wp\/v2\/media\/6315"}],"wp:attachment":[{"href":"https:\/\/www.radiochiloe.cl\/index.php?rest_route=%2Fwp%2Fv2%2Fmedia&parent=6314"}],"wp:term":[{"taxonomy":"category","embeddable":true,"href":"https:\/\/www.radiochiloe.cl\/index.php?rest_route=%2Fwp%2Fv2%2Fcategories&post=6314"},{"taxonomy":"post_tag","embeddable":true,"href":"https:\/\/www.radiochiloe.cl\/index.php?rest_route=%2Fwp%2Fv2%2Ftags&post=6314"}],"curies":[{"name":"wp","href":"https:\/\/api.w.org\/{rel}","templated":true}]}}