{"id":633,"date":"2012-06-11T15:27:12","date_gmt":"2012-06-11T19:27:12","guid":{"rendered":"http:\/\/www.radiochiloe.cl\/?p=633"},"modified":"2012-06-11T15:27:12","modified_gmt":"2012-06-11T19:27:12","slug":"mandatario-encabezo-lanzamiento-del-primer-liceo-bicentenario-en-la-isla-de-chiloe","status":"publish","type":"post","link":"https:\/\/www.radiochiloe.cl\/?p=633","title":{"rendered":"Mandatario encabez\u00f3 lanzamiento del primer Liceo Bicentenario en la Isla de Chilo\u00e9"},"content":{"rendered":"<p style=\"text-align: justify;\">El Presidente de la Rep\u00fablica, Sebasti\u00e1n Pi\u00f1era, encabez\u00f3 este mediod\u00eda el lanzamiento del primer establecimiento de excelencia de la Isla Grande de Chilo\u00e9, el Liceo Bicentenario de Ancud, en la regi\u00f3n de Los Lagos, que implic\u00f3 una inversi\u00f3n ministerial de $ 790 millones de pesos.<\/p>\n<p style=\"text-align: justify;\">Al respecto, el Mandatario destac\u00f3 que \u201cen este liceo hay una inversi\u00f3n gigantesca, de recursos financieros, de recursos humanos, donde mucha gente ha trabajado con abnegaci\u00f3n y con esfuerzo para que ustedes puedan tener esta oportunidad de una buena educaci\u00f3n\u201d, subrayando que \u201cnos propusimos llegar con los Liceos de Excelencia a todas las regiones, a todas las provincias, a todos los rincones de Chile\u201d.<\/p>\n<p style=\"text-align: justify;\">Sobre este punto, explic\u00f3 que \u201cten\u00edamos la convicci\u00f3n de que no bastaban los 50 Liceos Bicentenario que postulamos originalmente. Por eso ya estamos en este instante con 60 Liceos Bicentenario funcionando a lo largo y ancho de Chile, uno de ellos aqu\u00ed en esta Isla de Chilo\u00e9, de forma tal que ustedes, que nacieron en Chilo\u00e9, tengan tambi\u00e9n la oportunidad de una educaci\u00f3n de excelencia y de calidad, que les permita llegar tan alto como su talento, su esfuerzo y sus sue\u00f1os lo permitan\u201d.<\/p>\n<p style=\"text-align: justify;\">En su intervenci\u00f3n, el Jefe de Estado reafirm\u00f3 que el Gobierno se ha comprometido con una profunda reforma a la educaci\u00f3n como prioridad central de su gesti\u00f3n. \u201cTodos sabemos que tenemos problemas graves con la educaci\u00f3n en nuestro pa\u00eds, problemas de calidad, problemas de cobertura, problemas de acceso y problemas de financiamiento. Y por esa raz\u00f3n nuestro Gobierno decidi\u00f3 hacer de la educaci\u00f3n la piedra angular de este cambio y este nuevo Chile que juntos queremos construir\u201d, asegur\u00f3.<\/p>\n<p style=\"text-align: justify;\">A\u00f1adi\u00f3 que uno de los compromisos de su administraci\u00f3n, \u201cque lo vamos a cumplir durante nuestro Gobierno es garantizarle a todas las ni\u00f1as y ni\u00f1os de nuestro pa\u00eds el acceso a una educaci\u00f3n preescolar de calidad, de forma tal de empezar a nivelar la cancha, a igualar las oportunidades lo m\u00e1s cercano posible de la cuna, porque si no partimos en esa etapa, cuando tienen escasos 4 \u00f3 5 a\u00f1os, muchas veces cuando queremos nivelar esa cancha, ya es demasiado tarde\u201d.<\/p>\n<p style=\"text-align: justify;\">Finalmente, el Presidente Pi\u00f1era record\u00f3 que \u201cdos de las grandes tareas, prioridades, compromisos y misi\u00f3n que tiene nuestro Gobierno es con la educaci\u00f3n e integraci\u00f3n de nuestro pa\u00eds\u201d, resaltando que \u201cun pa\u00eds educado, bien educado, un pa\u00eds unido, bien unido, es un pa\u00eds capaz de enfrentar todos los desaf\u00edos que Dios y la historia nos quieran poner por delante\u201d.<\/p>\n<p style=\"text-align: justify;\">Este establecimiento educacional mixto entrega una formaci\u00f3n cient\u00edfico-humanista y acoge a un total de 270 alumnos desde marzo de 2012, con 90 estudiantes en S\u00e9ptimo B\u00e1sico (3 cursos de 30), 90 estudiantes en Octavo B\u00e1sico (3 cursos de 30) y 90 estudiantes en Primero Medio (3 cursos de 30). Para 2015 se proyecta que la matr\u00edcula sea de 540 alumnos en 18 cursos de S\u00e9ptimo B\u00e1sico a Cuarto Medio. Su Director es Julio Soto Chavarr\u00eda, nombrado a partir de un concurso p\u00fablico de Alta Direcci\u00f3n.<\/p>\n<p style=\"text-align: justify;\">Este establecimiento se funda en lo que fue la antigua Escuela B\u00e1sica de la comunidad, la que tuvo que ser adaptada para ajustarse a los requisitos de un Liceo Bicentenario. Hoy cuenta con pizarras digitales, laboratorios, multicancha techada, y salas especializadas para cada asignatura, donde son los alumnos los que se trasladan a sus respectivas materias.<\/p>\n<p style=\"text-align: justify;\">Departamento de Prensa<\/p>\n","protected":false},"excerpt":{"rendered":"<p>El Presidente de la Rep\u00fablica, Sebasti\u00e1n Pi\u00f1era, encabez\u00f3 este mediod\u00eda el lanzamiento del primer establecimiento de excelencia de la Isla Grande de Chilo\u00e9, el Liceo Bicentenario de Ancud, en la regi\u00f3n de Los Lagos, que implic\u00f3 una inversi\u00f3n ministerial de $ 790 millones de pesos. Al respecto, el Mandatario destac\u00f3 que \u201cen este liceo hay [&hellip;]<\/p>\n","protected":false},"author":2,"featured_media":634,"comment_status":"open","ping_status":"open","sticky":false,"template":"","format":"standard","meta":[],"categories":[3],"tags":[5],"jetpack_featured_media_url":"https:\/\/www.radiochiloe.cl\/wp-content\/uploads\/2012\/06\/liceomandatario.jpg","_links":{"self":[{"href":"https:\/\/www.radiochiloe.cl\/index.php?rest_route=\/wp\/v2\/posts\/633"}],"collection":[{"href":"https:\/\/www.radiochiloe.cl\/index.php?rest_route=\/wp\/v2\/posts"}],"about":[{"href":"https:\/\/www.radiochiloe.cl\/index.php?rest_route=\/wp\/v2\/types\/post"}],"author":[{"embeddable":true,"href":"https:\/\/www.radiochiloe.cl\/index.php?rest_route=\/wp\/v2\/users\/2"}],"replies":[{"embeddable":true,"href":"https:\/\/www.radiochiloe.cl\/index.php?rest_route=%2Fwp%2Fv2%2Fcomments&post=633"}],"version-history":[{"count":3,"href":"https:\/\/www.radiochiloe.cl\/index.php?rest_route=\/wp\/v2\/posts\/633\/revisions"}],"predecessor-version":[{"id":637,"href":"https:\/\/www.radiochiloe.cl\/index.php?rest_route=\/wp\/v2\/posts\/633\/revisions\/637"}],"wp:featuredmedia":[{"embeddable":true,"href":"https:\/\/www.radiochiloe.cl\/index.php?rest_route=\/wp\/v2\/media\/634"}],"wp:attachment":[{"href":"https:\/\/www.radiochiloe.cl\/index.php?rest_route=%2Fwp%2Fv2%2Fmedia&parent=633"}],"wp:term":[{"taxonomy":"category","embeddable":true,"href":"https:\/\/www.radiochiloe.cl\/index.php?rest_route=%2Fwp%2Fv2%2Fcategories&post=633"},{"taxonomy":"post_tag","embeddable":true,"href":"https:\/\/www.radiochiloe.cl\/index.php?rest_route=%2Fwp%2Fv2%2Ftags&post=633"}],"curies":[{"name":"wp","href":"https:\/\/api.w.org\/{rel}","templated":true}]}}