{"id":65770,"date":"2019-10-28T16:57:08","date_gmt":"2019-10-28T19:57:08","guid":{"rendered":"http:\/\/www.radiochiloe.cl\/?p=65770"},"modified":"2019-10-28T15:04:15","modified_gmt":"2019-10-28T18:04:15","slug":"quinchao-incendio-consumio-tres-viviendas","status":"publish","type":"post","link":"https:\/\/www.radiochiloe.cl\/?p=65770","title":{"rendered":"Quinchao: incendio consumi\u00f3 tres viviendas."},"content":{"rendered":"<p style=\"text-align: justify;\">La madrugada del domingo, un siniestro afect\u00f3 a tres viviendas, en sector La Vega, de Isla Apiao, en la comuna de Quinchao.<\/p>\n<p style=\"text-align: justify;\">Mayores antecedentes entreg\u00f3 el Alcalde de esa comuna, Washington Ulloa Villarroel:<\/p>\n<!--[if lt IE 9]><script>document.createElement('audio');<\/script><![endif]-->\n<audio class=\"wp-audio-shortcode\" id=\"audio-65770-1\" preload=\"none\" style=\"width: 100%;\" controls=\"controls\"><source type=\"audio\/mpeg\" src=\"http:\/\/www.radiochiloe.cl\/wp-content\/uploads\/2019\/10\/Washinton-ulloa-llamado-de-vesino-del-clud-deportivo-cu\u00f1a-1-26-de-octubre-2019.mp3?_=1\" \/><a href=\"http:\/\/www.radiochiloe.cl\/wp-content\/uploads\/2019\/10\/Washinton-ulloa-llamado-de-vesino-del-clud-deportivo-cu\u00f1a-1-26-de-octubre-2019.mp3\">http:\/\/www.radiochiloe.cl\/wp-content\/uploads\/2019\/10\/Washinton-ulloa-llamado-de-vesino-del-clud-deportivo-cu\u00f1a-1-26-de-octubre-2019.mp3<\/a><\/audio>\n<p style=\"text-align: justify;\">El edil se\u00f1al\u00f3 que son en total 15 las personas damnificadas a ra\u00edz de este incendio:<\/p>\n<audio class=\"wp-audio-shortcode\" id=\"audio-65770-2\" preload=\"none\" style=\"width: 100%;\" controls=\"controls\"><source type=\"audio\/mpeg\" src=\"http:\/\/www.radiochiloe.cl\/wp-content\/uploads\/2019\/10\/Washinton-ulloa-Es-lamentable-es-tristre-cu\u00f1a-2-26-de-octubre-2019.mp3?_=2\" \/><a href=\"http:\/\/www.radiochiloe.cl\/wp-content\/uploads\/2019\/10\/Washinton-ulloa-Es-lamentable-es-tristre-cu\u00f1a-2-26-de-octubre-2019.mp3\">http:\/\/www.radiochiloe.cl\/wp-content\/uploads\/2019\/10\/Washinton-ulloa-Es-lamentable-es-tristre-cu\u00f1a-2-26-de-octubre-2019.mp3<\/a><\/audio>\n<p style=\"text-align: justify;\">El alcalde quinchaino se\u00f1al\u00f3, adem\u00e1s, que se tom\u00f3 de inmediato contacto con las autoridades pertinentes para ir en ayuda de los damnificados:<\/p>\n<audio class=\"wp-audio-shortcode\" id=\"audio-65770-3\" preload=\"none\" style=\"width: 100%;\" controls=\"controls\"><source type=\"audio\/mpeg\" src=\"http:\/\/www.radiochiloe.cl\/wp-content\/uploads\/2019\/10\/Washinton-ulloa-Informamos-al-sr.-gobernador-cu\u00f1a-3-26-de-octubre-2019.mp3?_=3\" \/><a href=\"http:\/\/www.radiochiloe.cl\/wp-content\/uploads\/2019\/10\/Washinton-ulloa-Informamos-al-sr.-gobernador-cu\u00f1a-3-26-de-octubre-2019.mp3\">http:\/\/www.radiochiloe.cl\/wp-content\/uploads\/2019\/10\/Washinton-ulloa-Informamos-al-sr.-gobernador-cu\u00f1a-3-26-de-octubre-2019.mp3<\/a><\/audio>\n<p style=\"text-align: justify;\">De eta manera, seis adultos y nueve ni\u00f1os, en edad escolar, resultaron damnificados en este incendio que afect\u00f3 a tres viviendas, dejando p\u00e9rdidas totales.<\/p>\n","protected":false},"excerpt":{"rendered":"<p>La madrugada del domingo, un siniestro afect\u00f3 a tres viviendas, en sector La Vega, de Isla Apiao, en la comuna de Quinchao. Mayores antecedentes entreg\u00f3 el Alcalde de esa comuna, Washington Ulloa Villarroel: El edil se\u00f1al\u00f3 que son en total 15 las personas damnificadas a ra\u00edz de este incendio: El alcalde quinchaino se\u00f1al\u00f3, adem\u00e1s, que [&hellip;]<\/p>\n","protected":false},"author":9,"featured_media":65774,"comment_status":"open","ping_status":"open","sticky":false,"template":"","format":"audio","meta":[],"categories":[3],"tags":[5],"jetpack_featured_media_url":"https:\/\/www.radiochiloe.cl\/wp-content\/uploads\/2019\/10\/435c2011-c13a-45cd-8a5a-4a86003193d8.jpg","_links":{"self":[{"href":"https:\/\/www.radiochiloe.cl\/index.php?rest_route=\/wp\/v2\/posts\/65770"}],"collection":[{"href":"https:\/\/www.radiochiloe.cl\/index.php?rest_route=\/wp\/v2\/posts"}],"about":[{"href":"https:\/\/www.radiochiloe.cl\/index.php?rest_route=\/wp\/v2\/types\/post"}],"author":[{"embeddable":true,"href":"https:\/\/www.radiochiloe.cl\/index.php?rest_route=\/wp\/v2\/users\/9"}],"replies":[{"embeddable":true,"href":"https:\/\/www.radiochiloe.cl\/index.php?rest_route=%2Fwp%2Fv2%2Fcomments&post=65770"}],"version-history":[{"count":2,"href":"https:\/\/www.radiochiloe.cl\/index.php?rest_route=\/wp\/v2\/posts\/65770\/revisions"}],"predecessor-version":[{"id":65776,"href":"https:\/\/www.radiochiloe.cl\/index.php?rest_route=\/wp\/v2\/posts\/65770\/revisions\/65776"}],"wp:featuredmedia":[{"embeddable":true,"href":"https:\/\/www.radiochiloe.cl\/index.php?rest_route=\/wp\/v2\/media\/65774"}],"wp:attachment":[{"href":"https:\/\/www.radiochiloe.cl\/index.php?rest_route=%2Fwp%2Fv2%2Fmedia&parent=65770"}],"wp:term":[{"taxonomy":"category","embeddable":true,"href":"https:\/\/www.radiochiloe.cl\/index.php?rest_route=%2Fwp%2Fv2%2Fcategories&post=65770"},{"taxonomy":"post_tag","embeddable":true,"href":"https:\/\/www.radiochiloe.cl\/index.php?rest_route=%2Fwp%2Fv2%2Ftags&post=65770"}],"curies":[{"name":"wp","href":"https:\/\/api.w.org\/{rel}","templated":true}]}}