{"id":70972,"date":"2020-08-29T23:21:57","date_gmt":"2020-08-30T03:21:57","guid":{"rendered":"https:\/\/www.radiochiloe.cl\/?p=70972"},"modified":"2020-08-31T23:06:12","modified_gmt":"2020-09-01T03:06:12","slug":"los-campeones-de-chile-en-el-futbol-amateur-de-clubes","status":"publish","type":"post","link":"https:\/\/www.radiochiloe.cl\/?p=70972","title":{"rendered":"Los campeones de Chile en el f\u00fatbol amateur de clubes"},"content":{"rendered":"<table class=\"wikitable\" style=\"height: 1088px;\" width=\"552\">\n<tbody>\n<tr>\n<td align=\"center\" bgcolor=\"#006699\" width=\"10%\"><b>A\u00f1o<\/b><\/td>\n<td align=\"center\" bgcolor=\"#006699\" width=\"40%\"><b>Campe\u00f3n<\/b><\/td>\n<td align=\"center\" bgcolor=\"#006699\" width=\"50%\"><b>Sede<\/b><\/td>\n<\/tr>\n<tr bgcolor=\"#F5FAFF\">\n<td>1988<\/td>\n<td><a class=\"new\" title=\"Arturo Prat de Huala\u00f1\u00e9 (a\u00fan no redactado)\" href=\"https:\/\/es.wikipedia.org\/w\/index.php?title=Arturo_Prat_de_Huala%C3%B1%C3%A9&amp;action=edit&amp;redlink=1\">Arturo Prat (Huala\u00f1\u00e9, VII Regi\u00f3n)<\/a><\/td>\n<td><a class=\"new\" title=\"Club Deportivo Estrella de Chile de Iquique (a\u00fan no redactado)\" href=\"https:\/\/es.wikipedia.org\/w\/index.php?title=Club_Deportivo_Estrella_de_Chile_de_Iquique&amp;action=edit&amp;redlink=1\">Estrella de Chile (Iquique, I Regi\u00f3n)<\/a><\/td>\n<\/tr>\n<tr bgcolor=\"#D0E7FF\">\n<td>1989<\/td>\n<td><a class=\"new\" title=\"Club Deportivo Uni\u00f3n Bellavista (a\u00fan no redactado)\" href=\"https:\/\/es.wikipedia.org\/w\/index.php?title=Club_Deportivo_Uni%C3%B3n_Bellavista&amp;action=edit&amp;redlink=1\">Uni\u00f3n Bellavista (Antofagasta, II Regi\u00f3n)<\/a><\/td>\n<td><\/td>\n<\/tr>\n<tr bgcolor=\"#F5FAFF\">\n<td>1990<\/td>\n<td><a class=\"mw-redirect\" title=\"Independiente de Cauquenes\" href=\"https:\/\/es.wikipedia.org\/wiki\/Independiente_de_Cauquenes\">Independiente (Cauquenes, VII Regi\u00f3n)<\/a><\/td>\n<td><a class=\"new\" title=\"Club Deportivo Lintz (a\u00fan no redactado)\" href=\"https:\/\/es.wikipedia.org\/w\/index.php?title=Club_Deportivo_Lintz&amp;action=edit&amp;redlink=1\">Lintz (Puerto Montt, X Regi\u00f3n)<\/a><\/td>\n<\/tr>\n<tr bgcolor=\"#D0E7FF\">\n<td>1991<\/td>\n<td><a class=\"new\" title=\"C.C.U. (Antofagasta, II Regi\u00f3n) (a\u00fan no redactado)\" href=\"https:\/\/es.wikipedia.org\/w\/index.php?title=C.C.U._(Antofagasta,_II_Regi%C3%B3n)&amp;action=edit&amp;redlink=1\">C.C.U. (Antofagasta, II Regi\u00f3n)<\/a><\/td>\n<td><a class=\"extiw\" title=\"en:Prat de Punta Arenas\" href=\"https:\/\/en.wikipedia.org\/wiki\/Prat_de_Punta_Arenas\">Prat de Punta Arenas<\/a><\/td>\n<\/tr>\n<tr bgcolor=\"#F5FAFF\">\n<td>1992<\/td>\n<td><a class=\"new\" title=\"Club Deportivo Lintz (a\u00fan no redactado)\" href=\"https:\/\/es.wikipedia.org\/w\/index.php?title=Club_Deportivo_Lintz&amp;action=edit&amp;redlink=1\">Lintz (Puerto Montt, X Regi\u00f3n)<\/a><\/td>\n<td><a class=\"new\" title=\"Uni\u00f3n San Pedro (a\u00fan no redactado)\" href=\"https:\/\/es.wikipedia.org\/w\/index.php?title=Uni%C3%B3n_San_Pedro&amp;action=edit&amp;redlink=1\">Uni\u00f3n San Pedro<\/a>\u00a0de\u00a0<a title=\"Puente Alto\" href=\"https:\/\/es.wikipedia.org\/wiki\/Puente_Alto\">Puente Alto<\/a><\/td>\n<\/tr>\n<tr bgcolor=\"#D0E7FF\">\n<td>1993<\/td>\n<td><a class=\"new\" title=\"Coloso (Arica, XV Regi\u00f3n) (a\u00fan no redactado)\" href=\"https:\/\/es.wikipedia.org\/w\/index.php?title=Coloso_(Arica,_XV_Regi%C3%B3n)&amp;action=edit&amp;redlink=1\">Coloso (Arica, XV Regi\u00f3n)<\/a><\/td>\n<td><\/td>\n<\/tr>\n<tr bgcolor=\"#F5FAFF\">\n<td>1994<\/td>\n<td><a class=\"new\" title=\"Uni\u00f3n Pac\u00edfico (Constituci\u00f3n, VII Regi\u00f3n) (a\u00fan no redactado)\" href=\"https:\/\/es.wikipedia.org\/w\/index.php?title=Uni%C3%B3n_Pac%C3%ADfico_(Constituci%C3%B3n,_VII_Regi%C3%B3n)&amp;action=edit&amp;redlink=1\">Uni\u00f3n Pac\u00edfico (Constituci\u00f3n, VII Regi\u00f3n)<\/a><\/td>\n<td><\/td>\n<\/tr>\n<tr bgcolor=\"#D0E7FF\">\n<td>1995<\/td>\n<td><a class=\"new\" title=\"Santos FC (Temuco, IX Regi\u00f3n) (a\u00fan no redactado)\" href=\"https:\/\/es.wikipedia.org\/w\/index.php?title=Santos_FC_(Temuco,_IX_Regi%C3%B3n)&amp;action=edit&amp;redlink=1\">Santos FC (Temuco, IX Regi\u00f3n)<\/a><sup id=\"cite_ref-4\" class=\"reference separada\"><a href=\"https:\/\/es.wikipedia.org\/wiki\/Asociaciones_locales_de_f%C3%BAtbol_de_Chile#cite_note-4\">4<\/a><\/sup>\u200b<\/td>\n<td><\/td>\n<\/tr>\n<tr bgcolor=\"#F5FAFF\">\n<td>1996<\/td>\n<td><a class=\"new\" title=\"Julio Ju\u00e1rez (El Pinar, Metropolitana) (a\u00fan no redactado)\" href=\"https:\/\/es.wikipedia.org\/w\/index.php?title=Julio_Ju%C3%A1rez_(El_Pinar,_Metropolitana)&amp;action=edit&amp;redlink=1\">Julio Ju\u00e1rez (El Pinar, Metropolitana)<\/a><\/td>\n<td><\/td>\n<\/tr>\n<tr bgcolor=\"#D0E7FF\">\n<td>1997<\/td>\n<td><a class=\"new\" title=\"Estrella del Sur (Castro, X Regi\u00f3n) (a\u00fan no redactado)\" href=\"https:\/\/es.wikipedia.org\/w\/index.php?title=Estrella_del_Sur_(Castro,_X_Regi%C3%B3n)&amp;action=edit&amp;redlink=1\">Estrella del Sur (Castro, X Regi\u00f3n)<\/a><\/td>\n<td><a class=\"new\" title=\"Juventud Varsovia (a\u00fan no redactado)\" href=\"https:\/\/es.wikipedia.org\/w\/index.php?title=Juventud_Varsovia&amp;action=edit&amp;redlink=1\">Juventud Varsovia<\/a>\u00a0(Cardenal Caro)<\/td>\n<\/tr>\n<tr bgcolor=\"#F5FAFF\">\n<td>1998<\/td>\n<td><a class=\"new\" title=\"Cardenal Caro (Pichilemu, VI Regi\u00f3n) (a\u00fan no redactado)\" href=\"https:\/\/es.wikipedia.org\/w\/index.php?title=Cardenal_Caro_(Pichilemu,_VI_Regi%C3%B3n)&amp;action=edit&amp;redlink=1\">Cardenal Caro (Pichilemu, VI Regi\u00f3n)<\/a><\/td>\n<td><a class=\"new\" title=\"Club Deportivo Cosal (Punta Arenas) (a\u00fan no redactado)\" href=\"https:\/\/es.wikipedia.org\/w\/index.php?title=Club_Deportivo_Cosal_(Punta_Arenas)&amp;action=edit&amp;redlink=1\">Club Deportivo Cosal (Punta Arenas)<\/a><\/td>\n<\/tr>\n<tr bgcolor=\"#D0E7FF\">\n<td>1999<\/td>\n<td><a class=\"new\" title=\"Uni\u00f3n Cat\u00f3lica (Nogales, V Regi\u00f3n) (a\u00fan no redactado)\" href=\"https:\/\/es.wikipedia.org\/w\/index.php?title=Uni%C3%B3n_Cat%C3%B3lica_(Nogales,_V_Regi%C3%B3n)&amp;action=edit&amp;redlink=1\">Uni\u00f3n Cat\u00f3lica (Nogales, V Regi\u00f3n)<\/a><\/td>\n<td><a title=\"Club Chile\" href=\"https:\/\/es.wikipedia.org\/wiki\/Club_Chile\">Club Chile (Punta Arenas)<\/a><\/td>\n<\/tr>\n<tr bgcolor=\"#F5FAFF\">\n<td>2000<\/td>\n<td><a class=\"new\" title=\"Arauco (Osorno, X Regi\u00f3n) (a\u00fan no redactado)\" href=\"https:\/\/es.wikipedia.org\/w\/index.php?title=Arauco_(Osorno,_X_Regi%C3%B3n)&amp;action=edit&amp;redlink=1\">Arauco (Osorno, X Regi\u00f3n)<\/a><\/td>\n<td><a class=\"new\" title=\"Bancario de Osorno (a\u00fan no redactado)\" href=\"https:\/\/es.wikipedia.org\/w\/index.php?title=Bancario_de_Osorno&amp;action=edit&amp;redlink=1\">Bancario de Osorno<\/a><\/td>\n<\/tr>\n<tr bgcolor=\"#D0E7FF\">\n<td>2001<\/td>\n<td><a class=\"new\" title=\"Cardenal Caro (Pichilemu, VI Regi\u00f3n) (a\u00fan no redactado)\" href=\"https:\/\/es.wikipedia.org\/w\/index.php?title=Cardenal_Caro_(Pichilemu,_VI_Regi%C3%B3n)&amp;action=edit&amp;redlink=1\">Cardenal Caro (Pichilemu, VI Regi\u00f3n)<\/a><\/td>\n<td><a class=\"new\" title=\"Club El Rayo (Quintero, V Regi\u00f3n) (a\u00fan no redactado)\" href=\"https:\/\/es.wikipedia.org\/w\/index.php?title=Club_El_Rayo_(Quintero,_V_Regi%C3%B3n)&amp;action=edit&amp;redlink=1\">Club El Rayo (Quintero, V Regi\u00f3n)<\/a><\/td>\n<\/tr>\n<tr bgcolor=\"#F5FAFF\">\n<td>2002<\/td>\n<td><a class=\"new\" title=\"Poblaci\u00f3n Balmaceda (Jos\u00e9 Mar\u00eda Caro, Metropolitana) (a\u00fan no redactado)\" href=\"https:\/\/es.wikipedia.org\/w\/index.php?title=Poblaci%C3%B3n_Balmaceda_(Jos%C3%A9_Mar%C3%ADa_Caro,_Metropolitana)&amp;action=edit&amp;redlink=1\">Poblaci\u00f3n Balmaceda (Jos\u00e9 Mar\u00eda Caro, Metropolitana)<\/a><\/td>\n<td><a class=\"new\" title=\"Arauco (Osorno, X Regi\u00f3n) (a\u00fan no redactado)\" href=\"https:\/\/es.wikipedia.org\/w\/index.php?title=Arauco_(Osorno,_X_Regi%C3%B3n)&amp;action=edit&amp;redlink=1\">Arauco (Osorno, X Regi\u00f3n)<\/a><\/td>\n<\/tr>\n<tr bgcolor=\"#D0E7FF\">\n<td>2003<\/td>\n<td><a class=\"new\" title=\"Club Deportivo Social y Cultural Hurac\u00e1n (Concepci\u00f3n) (a\u00fan no redactado)\" href=\"https:\/\/es.wikipedia.org\/w\/index.php?title=Club_Deportivo_Social_y_Cultural_Hurac%C3%A1n_(Concepci%C3%B3n)&amp;action=edit&amp;redlink=1\">Hurac\u00e1n de Concepci\u00f3n<\/a><\/td>\n<td><a class=\"new\" title=\"Universidad de Antofagasta (Luciano Durandeu, II Regi\u00f3n) (a\u00fan no redactado)\" href=\"https:\/\/es.wikipedia.org\/w\/index.php?title=Universidad_de_Antofagasta_(Luciano_Durandeu,_II_Regi%C3%B3n)&amp;action=edit&amp;redlink=1\">Universidad de Antofagasta (Luciano Durandeu, II Regi\u00f3n)<\/a><\/td>\n<\/tr>\n<tr bgcolor=\"#F5FAFF\">\n<td>2004<\/td>\n<td><a class=\"new\" title=\"Uni\u00f3n Compa\u00f1\u00eda (Uni\u00f3n Esperanza, VI Regi\u00f3n) (a\u00fan no redactado)\" href=\"https:\/\/es.wikipedia.org\/w\/index.php?title=Uni%C3%B3n_Compa%C3%B1%C3%ADa_(Uni%C3%B3n_Esperanza,_VI_Regi%C3%B3n)&amp;action=edit&amp;redlink=1\">Uni\u00f3n Compa\u00f1\u00eda (Uni\u00f3n Esperanza, VI Regi\u00f3n)<\/a><\/td>\n<td><a class=\"new\" title=\"Luchador de Co\u00f1aripe (a\u00fan no redactado)\" href=\"https:\/\/es.wikipedia.org\/w\/index.php?title=Luchador_de_Co%C3%B1aripe&amp;action=edit&amp;redlink=1\">Luchador de Co\u00f1aripe (Lican Ray, IX Regi\u00f3n)<\/a><sup id=\"cite_ref-5\" class=\"reference separada\"><a href=\"https:\/\/es.wikipedia.org\/wiki\/Asociaciones_locales_de_f%C3%BAtbol_de_Chile#cite_note-5\">5<\/a><\/sup>\u200b<\/td>\n<\/tr>\n<tr bgcolor=\"#D0E7FF\">\n<td>2005<\/td>\n<td><a class=\"new\" title=\"Wanderers General Lagos (a\u00fan no redactado)\" href=\"https:\/\/es.wikipedia.org\/w\/index.php?title=Wanderers_General_Lagos&amp;action=edit&amp;redlink=1\">Uni\u00f3n Wanderers-General Lagos (Valdivia, XIV Regi\u00f3n)<\/a><\/td>\n<td><a class=\"new\" title=\"Uni\u00f3n Santa Amelia (San Francisco de Mostazal, VI Regi\u00f3n) (a\u00fan no redactado)\" href=\"https:\/\/es.wikipedia.org\/w\/index.php?title=Uni%C3%B3n_Santa_Amelia_(San_Francisco_de_Mostazal,_VI_Regi%C3%B3n)&amp;action=edit&amp;redlink=1\">Uni\u00f3n Santa Amelia (San Francisco de Mostazal, VI Regi\u00f3n)<\/a><\/td>\n<\/tr>\n<tr bgcolor=\"#F5FAFF\">\n<td>2006<\/td>\n<td><a class=\"new\" title=\"IRFE (Santa Cruz, VI Regi\u00f3n) (a\u00fan no redactado)\" href=\"https:\/\/es.wikipedia.org\/w\/index.php?title=IRFE_(Santa_Cruz,_VI_Regi%C3%B3n)&amp;action=edit&amp;redlink=1\">IRFE (Santa Cruz, VI Regi\u00f3n)<\/a><\/td>\n<td><a class=\"new\" title=\"Favorita de Lontu\u00e9 (a\u00fan no redactado)\" href=\"https:\/\/es.wikipedia.org\/w\/index.php?title=Favorita_de_Lontu%C3%A9&amp;action=edit&amp;redlink=1\">Favorita (Molina, VII Regi\u00f3n)<\/a><\/td>\n<\/tr>\n<tr bgcolor=\"#D0E7FF\">\n<td>2007<\/td>\n<td><a class=\"new\" title=\"Estrella (Graneros, VI Regi\u00f3n) (a\u00fan no redactado)\" href=\"https:\/\/es.wikipedia.org\/w\/index.php?title=Estrella_(Graneros,_VI_Regi%C3%B3n)&amp;action=edit&amp;redlink=1\">Estrella (Graneros, VI Regi\u00f3n)<\/a><\/td>\n<td><a class=\"new\" title=\"Arturo Prat de Huala\u00f1\u00e9 (a\u00fan no redactado)\" href=\"https:\/\/es.wikipedia.org\/w\/index.php?title=Arturo_Prat_de_Huala%C3%B1%C3%A9&amp;action=edit&amp;redlink=1\">Arturo Prat de Huala\u00f1\u00e9 (Huala\u00f1\u00e9, VII Regi\u00f3n)<\/a><\/td>\n<\/tr>\n<tr bgcolor=\"#F5FAFF\">\n<td>2008<\/td>\n<td><a class=\"new\" title=\"Centro Deportivo y Social Lord Cochrane (a\u00fan no redactado)\" href=\"https:\/\/es.wikipedia.org\/w\/index.php?title=Centro_Deportivo_y_Social_Lord_Cochrane&amp;action=edit&amp;redlink=1\">Lord Cochrane (Concepci\u00f3n, VIII Regi\u00f3n)<\/a><\/td>\n<td><a class=\"new\" title=\"El Cacique (Santa Rosa Sur, Metropolitana) (a\u00fan no redactado)\" href=\"https:\/\/es.wikipedia.org\/w\/index.php?title=El_Cacique_(Santa_Rosa_Sur,_Metropolitana)&amp;action=edit&amp;redlink=1\">El Cacique (Santa Rosa Sur, Metropolitana)<\/a><\/td>\n<\/tr>\n<tr bgcolor=\"#D0E7FF\">\n<td>2009<\/td>\n<td><a class=\"new\" title=\"Estrella (Graneros, VI Regi\u00f3n) (a\u00fan no redactado)\" href=\"https:\/\/es.wikipedia.org\/w\/index.php?title=Estrella_(Graneros,_VI_Regi%C3%B3n)&amp;action=edit&amp;redlink=1\">Estrella (Graneros, VI Regi\u00f3n)<\/a><\/td>\n<td><a class=\"new\" title=\"Juan Costa (Puerto Varas, X Regi\u00f3n) (a\u00fan no redactado)\" href=\"https:\/\/es.wikipedia.org\/w\/index.php?title=Juan_Costa_(Puerto_Varas,_X_Regi%C3%B3n)&amp;action=edit&amp;redlink=1\">Juan Costa (Puerto Varas, X Regi\u00f3n)<\/a><\/td>\n<\/tr>\n<tr bgcolor=\"#F5FAFF\">\n<td>2010<\/td>\n<td><a class=\"new\" title=\"Deportes Paniahue (a\u00fan no redactado)\" href=\"https:\/\/es.wikipedia.org\/w\/index.php?title=Deportes_Paniahue&amp;action=edit&amp;redlink=1\">Paniahue (Santa Cruz, VI Regi\u00f3n)<\/a><\/td>\n<td><a class=\"new\" title=\"Centro Deportivo y Social Lord Cochrane (a\u00fan no redactado)\" href=\"https:\/\/es.wikipedia.org\/w\/index.php?title=Centro_Deportivo_y_Social_Lord_Cochrane&amp;action=edit&amp;redlink=1\">Lord Cochrane (Concepci\u00f3n, VIII Regi\u00f3n)<\/a><\/td>\n<\/tr>\n<tr bgcolor=\"#D0E7FF\">\n<td>2011<\/td>\n<td><a class=\"new\" title=\"Deportes Paniahue (a\u00fan no redactado)\" href=\"https:\/\/es.wikipedia.org\/w\/index.php?title=Deportes_Paniahue&amp;action=edit&amp;redlink=1\">Paniahue (Santa Cruz, VI Regi\u00f3n)<\/a><sup id=\"cite_ref-6\" class=\"reference separada\"><a href=\"https:\/\/es.wikipedia.org\/wiki\/Asociaciones_locales_de_f%C3%BAtbol_de_Chile#cite_note-6\">6<\/a><\/sup>\u200b<\/td>\n<td><a class=\"new\" title=\"San Juan de Coyhaique (a\u00fan no redactado)\" href=\"https:\/\/es.wikipedia.org\/w\/index.php?title=San_Juan_de_Coyhaique&amp;action=edit&amp;redlink=1\">San Juan de Lago P\u00f3llux (Coyhaique, XI Regi\u00f3n)<\/a><\/td>\n<\/tr>\n<tr bgcolor=\"#F5FAFF\">\n<td><a class=\"mw-redirect\" title=\"Campeonato Amateur de Clubes Campeones 2012\" href=\"https:\/\/es.wikipedia.org\/wiki\/Campeonato_Amateur_de_Clubes_Campeones_2012\">2012<\/a><\/td>\n<td><a class=\"new\" title=\"Juventud Varsovia (a\u00fan no redactado)\" href=\"https:\/\/es.wikipedia.org\/w\/index.php?title=Juventud_Varsovia&amp;action=edit&amp;redlink=1\">Juventud Varsovia (Cardenal Caro, Metropolitana)<\/a><\/td>\n<td><a class=\"new\" title=\"Club Social y Deportivo Quesos K\u00fcmey (a\u00fan no redactado)\" href=\"https:\/\/es.wikipedia.org\/w\/index.php?title=Club_Social_y_Deportivo_Quesos_K%C3%BCmey&amp;action=edit&amp;redlink=1\">Quesos K\u00fcmey (R\u00edo Negro, X Regi\u00f3n)<\/a><\/td>\n<\/tr>\n<tr bgcolor=\"#D0E7FF\">\n<td><a class=\"new\" title=\"F\u00fatbol Amateur de Chile 2013 (a\u00fan no redactado)\" href=\"https:\/\/es.wikipedia.org\/w\/index.php?title=F%C3%BAtbol_Amateur_de_Chile_2013&amp;action=edit&amp;redlink=1\">2013<\/a><\/td>\n<td><a class=\"new\" title=\"Club Social y Deportivo Escondida (a\u00fan no redactado)\" href=\"https:\/\/es.wikipedia.org\/w\/index.php?title=Club_Social_y_Deportivo_Escondida&amp;action=edit&amp;redlink=1\">Deportivo Escondida (Antofagasta, II Regi\u00f3n)<\/a><\/td>\n<td><a class=\"new\" title=\"Colo Colo (Cumpeo, VII Regi\u00f3n) (a\u00fan no redactado)\" href=\"https:\/\/es.wikipedia.org\/w\/index.php?title=Colo_Colo_(Cumpeo,_VII_Regi%C3%B3n)&amp;action=edit&amp;redlink=1\">Colo Colo (Cumpeo, VII Regi\u00f3n)<\/a><\/td>\n<\/tr>\n<tr bgcolor=\"#F5FAFF\">\n<td>2014<\/td>\n<td><a class=\"new\" title=\"Club Atl\u00e9tico Cultural Balmaceda (a\u00fan no redactado)\" href=\"https:\/\/es.wikipedia.org\/w\/index.php?title=Club_Atl%C3%A9tico_Cultural_Balmaceda&amp;action=edit&amp;redlink=1\">Atl\u00e9tico Balmaceda (San Antonio, V Regi\u00f3n)<\/a><\/td>\n<td><a class=\"new\" title=\"Juvenil Seminario (Talca, VII Regi\u00f3n) (a\u00fan no redactado)\" href=\"https:\/\/es.wikipedia.org\/w\/index.php?title=Juvenil_Seminario_(Talca,_VII_Regi%C3%B3n)&amp;action=edit&amp;redlink=1\">Juvenil Seminario (Talca, VII Regi\u00f3n)<\/a><\/td>\n<\/tr>\n<tr bgcolor=\"#D0E7FF\">\n<td>2015<\/td>\n<td><a class=\"new\" title=\"Deportes Paniahue (a\u00fan no redactado)\" href=\"https:\/\/es.wikipedia.org\/w\/index.php?title=Deportes_Paniahue&amp;action=edit&amp;redlink=1\">Paniahue (Santa Cruz, VI Regi\u00f3n)<\/a><\/td>\n<td><a class=\"new\" title=\"Atl\u00e9tico Seminario (Ancud, X Regi\u00f3n) (a\u00fan no redactado)\" href=\"https:\/\/es.wikipedia.org\/w\/index.php?title=Atl%C3%A9tico_Seminario_(Ancud,_X_Regi%C3%B3n)&amp;action=edit&amp;redlink=1\">Atl\u00e9tico Seminario (Ancud, X Regi\u00f3n)<\/a><\/td>\n<\/tr>\n<tr>\n<td><a class=\"new\" title=\"F\u00fatbol Amateur de Chile 2016 (a\u00fan no redactado)\" href=\"https:\/\/es.wikipedia.org\/w\/index.php?title=F%C3%BAtbol_Amateur_de_Chile_2016&amp;action=edit&amp;redlink=1\">2016<\/a><\/td>\n<td><a class=\"new\" title=\"Club Deportivo Juventud Unida de Dalcahue (a\u00fan no redactado)\" href=\"https:\/\/es.wikipedia.org\/w\/index.php?title=Club_Deportivo_Juventud_Unida_de_Dalcahue&amp;action=edit&amp;redlink=1\">Juventud Unida (Dalcahue, X Regi\u00f3n)<\/a><\/td>\n<td><a class=\"new\" title=\"Club Deportivo Trasandino de Socoroma (a\u00fan no redactado)\" href=\"https:\/\/es.wikipedia.org\/w\/index.php?title=Club_Deportivo_Trasandino_de_Socoroma&amp;action=edit&amp;redlink=1\">Trasandino (Socoroma, XV Regi\u00f3n)<\/a><\/td>\n<\/tr>\n<tr bgcolor=\"#D0E7FF\">\n<td><a class=\"new\" title=\"Anexo:Campeonato Amateur de Clubes Campeones 2017 (a\u00fan no redactado)\" href=\"https:\/\/es.wikipedia.org\/w\/index.php?title=Anexo:Campeonato_Amateur_de_Clubes_Campeones_2017&amp;action=edit&amp;redlink=1\">2017<\/a><\/td>\n<td>Uni\u00f3n Bellavista (Coquimbo, IV Regi\u00f3n)<\/td>\n<td>Cr\u00edspulo G\u00e1ndara (Hualp\u00e9n, VIII Regi\u00f3n)<\/td>\n<\/tr>\n<tr bgcolor=\"#F5FAFF\">\n<td><a class=\"new\" title=\"F\u00fatbol Amateur de Chile 2018 (a\u00fan no redactado)\" href=\"https:\/\/es.wikipedia.org\/w\/index.php?title=F%C3%BAtbol_Amateur_de_Chile_2018&amp;action=edit&amp;redlink=1\">2018<\/a><\/td>\n<td>Club Deportivo Poblaci\u00f3n Los Nogales (Estaci\u00f3n Central, Metropolitana)<\/td>\n<td>Club Deportivo Quesos Kumey (Purranque, X Regi\u00f3n)<\/td>\n<\/tr>\n<tr bgcolor=\"#D0E7FF\">\n<td><a class=\"new\" title=\"F\u00fatbol Amateur de Chile 2019 (a\u00fan no redactado)\" href=\"https:\/\/es.wikipedia.org\/w\/index.php?title=F%C3%BAtbol_Amateur_de_Chile_2019&amp;action=edit&amp;redlink=1\">2019<\/a><\/td>\n<td>Uni\u00f3n Bellavista (Coquimbo, IV Regi\u00f3n)<\/td>\n<td>Javiera Carrera (Angol, IX Regi\u00f3n)<\/td>\n<\/tr>\n<\/tbody>\n<\/table>\n","protected":false},"excerpt":{"rendered":"<p>A\u00f1o Campe\u00f3n Sede 1988 Arturo Prat (Huala\u00f1\u00e9, VII Regi\u00f3n) Estrella de Chile (Iquique, I Regi\u00f3n) 1989 Uni\u00f3n Bellavista (Antofagasta, II Regi\u00f3n) 1990 Independiente (Cauquenes, VII Regi\u00f3n) Lintz (Puerto Montt, X Regi\u00f3n) 1991 C.C.U. (Antofagasta, II Regi\u00f3n) Prat de Punta Arenas 1992 Lintz (Puerto Montt, X Regi\u00f3n) Uni\u00f3n San Pedro\u00a0de\u00a0Puente Alto 1993 Coloso (Arica, XV Regi\u00f3n) [&hellip;]<\/p>\n","protected":false},"author":8,"featured_media":70975,"comment_status":"closed","ping_status":"closed","sticky":false,"template":"","format":"standard","meta":[],"categories":[1],"tags":[5],"jetpack_featured_media_url":"https:\/\/www.radiochiloe.cl\/wp-content\/uploads\/2020\/08\/IMG-20160522-WA0005.jpg","_links":{"self":[{"href":"https:\/\/www.radiochiloe.cl\/index.php?rest_route=\/wp\/v2\/posts\/70972"}],"collection":[{"href":"https:\/\/www.radiochiloe.cl\/index.php?rest_route=\/wp\/v2\/posts"}],"about":[{"href":"https:\/\/www.radiochiloe.cl\/index.php?rest_route=\/wp\/v2\/types\/post"}],"author":[{"embeddable":true,"href":"https:\/\/www.radiochiloe.cl\/index.php?rest_route=\/wp\/v2\/users\/8"}],"replies":[{"embeddable":true,"href":"https:\/\/www.radiochiloe.cl\/index.php?rest_route=%2Fwp%2Fv2%2Fcomments&post=70972"}],"version-history":[{"count":3,"href":"https:\/\/www.radiochiloe.cl\/index.php?rest_route=\/wp\/v2\/posts\/70972\/revisions"}],"predecessor-version":[{"id":70991,"href":"https:\/\/www.radiochiloe.cl\/index.php?rest_route=\/wp\/v2\/posts\/70972\/revisions\/70991"}],"wp:featuredmedia":[{"embeddable":true,"href":"https:\/\/www.radiochiloe.cl\/index.php?rest_route=\/wp\/v2\/media\/70975"}],"wp:attachment":[{"href":"https:\/\/www.radiochiloe.cl\/index.php?rest_route=%2Fwp%2Fv2%2Fmedia&parent=70972"}],"wp:term":[{"taxonomy":"category","embeddable":true,"href":"https:\/\/www.radiochiloe.cl\/index.php?rest_route=%2Fwp%2Fv2%2Fcategories&post=70972"},{"taxonomy":"post_tag","embeddable":true,"href":"https:\/\/www.radiochiloe.cl\/index.php?rest_route=%2Fwp%2Fv2%2Ftags&post=70972"}],"curies":[{"name":"wp","href":"https:\/\/api.w.org\/{rel}","templated":true}]}}