{"id":71174,"date":"2020-10-17T23:45:03","date_gmt":"2020-10-18T03:45:03","guid":{"rendered":"https:\/\/www.radiochiloe.cl\/?p=71174"},"modified":"2020-10-18T23:12:17","modified_gmt":"2020-10-19T03:12:17","slug":"vuelve-el-futbol-de-anfa","status":"publish","type":"post","link":"https:\/\/www.radiochiloe.cl\/?p=71174","title":{"rendered":"Vuelve el f\u00fatbol de ANFA"},"content":{"rendered":"<p style=\"text-align: justify;\">Se anunci\u00f3 hace un par de d\u00edas del retorno del f\u00fatbol semi profesional, es decir, Tercera Divisi\u00f3n A en Chile. Con esto ANFA tendr\u00e1 movimiento en esa serie, en tanto, la Tercera Divisi\u00f3n B no se jugar\u00e1 y no se permitir\u00e1 inscripci\u00f3n de equipos, sino hasta el 2021, para que inicien su participaci\u00f3n en abril de 2022.<\/p>\n<p style=\"text-align: justify;\">Cabe consignar que en algunas semanas comenzar\u00e1 la &#8216;Tercera A&#8217; con varios equipos y con formato a confirmar; esta noticia cay\u00f3 bien en los equipos que aspiran a llegar a segunda divisi\u00f3n que se encuentra bajo el alero de la ANFP.<\/p>\n<p style=\"text-align: justify;\">En Tercera B definitivamente no se jugar\u00e1 y los nuevos equipos tendr\u00e1n un periodo de postulaci\u00f3n que pronto se va a confirmar, instancia importante para Provincial Castro que podr\u00eda llegar el 2022 al f\u00fatbol semi profesional.<\/p>\n<p style=\"text-align: justify;\">\n","protected":false},"excerpt":{"rendered":"<p>Se anunci\u00f3 hace un par de d\u00edas del retorno del f\u00fatbol semi profesional, es decir, Tercera Divisi\u00f3n A en Chile. Con esto ANFA tendr\u00e1 movimiento en esa serie, en tanto, la Tercera Divisi\u00f3n B no se jugar\u00e1 y no se permitir\u00e1 inscripci\u00f3n de equipos, sino hasta el 2021, para que inicien su participaci\u00f3n en abril [&hellip;]<\/p>\n","protected":false},"author":8,"featured_media":71175,"comment_status":"closed","ping_status":"closed","sticky":false,"template":"","format":"standard","meta":[],"categories":[1],"tags":[5],"jetpack_featured_media_url":"https:\/\/www.radiochiloe.cl\/wp-content\/uploads\/2020\/10\/20180113_200454.jpg","_links":{"self":[{"href":"https:\/\/www.radiochiloe.cl\/index.php?rest_route=\/wp\/v2\/posts\/71174"}],"collection":[{"href":"https:\/\/www.radiochiloe.cl\/index.php?rest_route=\/wp\/v2\/posts"}],"about":[{"href":"https:\/\/www.radiochiloe.cl\/index.php?rest_route=\/wp\/v2\/types\/post"}],"author":[{"embeddable":true,"href":"https:\/\/www.radiochiloe.cl\/index.php?rest_route=\/wp\/v2\/users\/8"}],"replies":[{"embeddable":true,"href":"https:\/\/www.radiochiloe.cl\/index.php?rest_route=%2Fwp%2Fv2%2Fcomments&post=71174"}],"version-history":[{"count":2,"href":"https:\/\/www.radiochiloe.cl\/index.php?rest_route=\/wp\/v2\/posts\/71174\/revisions"}],"predecessor-version":[{"id":71177,"href":"https:\/\/www.radiochiloe.cl\/index.php?rest_route=\/wp\/v2\/posts\/71174\/revisions\/71177"}],"wp:featuredmedia":[{"embeddable":true,"href":"https:\/\/www.radiochiloe.cl\/index.php?rest_route=\/wp\/v2\/media\/71175"}],"wp:attachment":[{"href":"https:\/\/www.radiochiloe.cl\/index.php?rest_route=%2Fwp%2Fv2%2Fmedia&parent=71174"}],"wp:term":[{"taxonomy":"category","embeddable":true,"href":"https:\/\/www.radiochiloe.cl\/index.php?rest_route=%2Fwp%2Fv2%2Fcategories&post=71174"},{"taxonomy":"post_tag","embeddable":true,"href":"https:\/\/www.radiochiloe.cl\/index.php?rest_route=%2Fwp%2Fv2%2Ftags&post=71174"}],"curies":[{"name":"wp","href":"https:\/\/api.w.org\/{rel}","templated":true}]}}