{"id":71825,"date":"2020-11-10T23:49:13","date_gmt":"2020-11-11T02:49:13","guid":{"rendered":"https:\/\/www.radiochiloe.cl\/?p=71825"},"modified":"2020-11-11T00:56:55","modified_gmt":"2020-11-11T03:56:55","slug":"castro-recordo-a-danilo-de-la-cruz","status":"publish","type":"post","link":"https:\/\/www.radiochiloe.cl\/?p=71825","title":{"rendered":"Castro record\u00f3 a Danilo De La Cruz"},"content":{"rendered":"<p style=\"text-align: justify;\">Este martes se cumpli\u00f3 un a\u00f1o de la partida del deportista Danilo De La Cruz.<\/p>\n<p style=\"text-align: justify;\">En redes sociales se multiplicaron los recuerdos y se destac\u00f3 una vez m\u00e1s a la persona que se gan\u00f3 el afecto de toda una comunidad.<\/p>\n<p style=\"text-align: justify;\">Alrededor de las 22.00 hrs muchas familias se unieron en cadena de oraci\u00f3n para acompa\u00f1ar a la familia del fallecido joven.<\/p>\n<p style=\"text-align: justify;\">Danilo De La Cruz fue un\u00a0 destacado hijo, estudiante y jugador de baloncesto. Un accidente le arrebat\u00f3 la vida hace un a\u00f1o. Hoy Castro lo record\u00f3 con afecto.<\/p>\n","protected":false},"excerpt":{"rendered":"<p>Este martes se cumpli\u00f3 un a\u00f1o de la partida del deportista Danilo De La Cruz. En redes sociales se multiplicaron los recuerdos y se destac\u00f3 una vez m\u00e1s a la persona que se gan\u00f3 el afecto de toda una comunidad. Alrededor de las 22.00 hrs muchas familias se unieron en cadena de oraci\u00f3n para acompa\u00f1ar [&hellip;]<\/p>\n","protected":false},"author":8,"featured_media":71826,"comment_status":"closed","ping_status":"closed","sticky":false,"template":"","format":"standard","meta":[],"categories":[1],"tags":[5],"jetpack_featured_media_url":"https:\/\/www.radiochiloe.cl\/wp-content\/uploads\/2020\/11\/20201111_005429.jpg","_links":{"self":[{"href":"https:\/\/www.radiochiloe.cl\/index.php?rest_route=\/wp\/v2\/posts\/71825"}],"collection":[{"href":"https:\/\/www.radiochiloe.cl\/index.php?rest_route=\/wp\/v2\/posts"}],"about":[{"href":"https:\/\/www.radiochiloe.cl\/index.php?rest_route=\/wp\/v2\/types\/post"}],"author":[{"embeddable":true,"href":"https:\/\/www.radiochiloe.cl\/index.php?rest_route=\/wp\/v2\/users\/8"}],"replies":[{"embeddable":true,"href":"https:\/\/www.radiochiloe.cl\/index.php?rest_route=%2Fwp%2Fv2%2Fcomments&post=71825"}],"version-history":[{"count":1,"href":"https:\/\/www.radiochiloe.cl\/index.php?rest_route=\/wp\/v2\/posts\/71825\/revisions"}],"predecessor-version":[{"id":71827,"href":"https:\/\/www.radiochiloe.cl\/index.php?rest_route=\/wp\/v2\/posts\/71825\/revisions\/71827"}],"wp:featuredmedia":[{"embeddable":true,"href":"https:\/\/www.radiochiloe.cl\/index.php?rest_route=\/wp\/v2\/media\/71826"}],"wp:attachment":[{"href":"https:\/\/www.radiochiloe.cl\/index.php?rest_route=%2Fwp%2Fv2%2Fmedia&parent=71825"}],"wp:term":[{"taxonomy":"category","embeddable":true,"href":"https:\/\/www.radiochiloe.cl\/index.php?rest_route=%2Fwp%2Fv2%2Fcategories&post=71825"},{"taxonomy":"post_tag","embeddable":true,"href":"https:\/\/www.radiochiloe.cl\/index.php?rest_route=%2Fwp%2Fv2%2Ftags&post=71825"}],"curies":[{"name":"wp","href":"https:\/\/api.w.org\/{rel}","templated":true}]}}