{"id":723,"date":"2012-06-12T15:31:12","date_gmt":"2012-06-12T19:31:12","guid":{"rendered":"http:\/\/www.radiochiloe.cl\/?p=723"},"modified":"2012-06-12T15:31:12","modified_gmt":"2012-06-12T19:31:12","slug":"municipio-de-quellon-realizara-operativo-civico","status":"publish","type":"post","link":"https:\/\/www.radiochiloe.cl\/?p=723","title":{"rendered":"Municipio de Quell\u00f3n realizar\u00e1 operativo c\u00edvico"},"content":{"rendered":"<p style=\"text-align: justify;\">(FOTO ARCHIVO)<\/p>\n<p style=\"text-align: justify;\">Este jueves 14 de junio los funcionarios de los distintos departamentos de la Municipalidad de Quell\u00f3n, encabezados por el alcalde Iv\u00e1n Haro, estar\u00e1n en terreno para atender las necesidades de los vecinos directamente en el lugar donde viven.<\/p>\n<p style=\"text-align: justify;\">En esta ocasi\u00f3n el operativo c\u00edvico se realizar\u00e1 en el sector Estero Quell\u00f3n, en donde se realizar\u00e1 una limpieza que estar\u00e1 a cargo de las personas que trabajan en el programa de pro empleo en la comuna. El alcalde Haro explic\u00f3 que se va a efectuar un aseo general en el lugar, se retirar\u00e1n escombros, se va a arreglar la calle Capit\u00e1n Luis Alc\u00e1zar y se generar\u00e1 un espacio de estacionamiento en las cercan\u00edas del Cecof Rukalaf, para descongestionar el pasaje que est\u00e1 justo frente a este centro de salud primaria.<\/p>\n<p style=\"text-align: justify;\">En el \u00e1rea de salud se dispondr\u00e1 de una cl\u00ednica dental m\u00f3vil para atender a los vecinos que requieran atenci\u00f3n y se efectuar\u00e1 una campa\u00f1a para el examen del PAP.<\/p>\n<p style=\"text-align: justify;\">Adem\u00e1s, se coordinar\u00e1 la plantaci\u00f3n de \u00e1rboles, retiro de escombros y de chatarra domiciliaria, adem\u00e1s de la reposici\u00f3n y mejora de los contenedores de basura del sector.<br \/>\nCon respecto a la seguridad ciudadana se coordin\u00f3 la participaci\u00f3n de Carabineros y la PDI para realizar una charla sobre el sistema de alarmas domiciliarias y recomendaciones sobre c\u00f3mo reaccionar en caso de emergencias naturales.<\/p>\n<p style=\"text-align: justify;\">Departamento de Prensa<\/p>\n","protected":false},"excerpt":{"rendered":"<p>(FOTO ARCHIVO) Este jueves 14 de junio los funcionarios de los distintos departamentos de la Municipalidad de Quell\u00f3n, encabezados por el alcalde Iv\u00e1n Haro, estar\u00e1n en terreno para atender las necesidades de los vecinos directamente en el lugar donde viven. En esta ocasi\u00f3n el operativo c\u00edvico se realizar\u00e1 en el sector Estero Quell\u00f3n, en donde [&hellip;]<\/p>\n","protected":false},"author":2,"featured_media":724,"comment_status":"open","ping_status":"open","sticky":false,"template":"","format":"standard","meta":[],"categories":[3],"tags":[5],"jetpack_featured_media_url":"https:\/\/www.radiochiloe.cl\/wp-content\/uploads\/2012\/06\/operativoquellon.jpg","_links":{"self":[{"href":"https:\/\/www.radiochiloe.cl\/index.php?rest_route=\/wp\/v2\/posts\/723"}],"collection":[{"href":"https:\/\/www.radiochiloe.cl\/index.php?rest_route=\/wp\/v2\/posts"}],"about":[{"href":"https:\/\/www.radiochiloe.cl\/index.php?rest_route=\/wp\/v2\/types\/post"}],"author":[{"embeddable":true,"href":"https:\/\/www.radiochiloe.cl\/index.php?rest_route=\/wp\/v2\/users\/2"}],"replies":[{"embeddable":true,"href":"https:\/\/www.radiochiloe.cl\/index.php?rest_route=%2Fwp%2Fv2%2Fcomments&post=723"}],"version-history":[{"count":1,"href":"https:\/\/www.radiochiloe.cl\/index.php?rest_route=\/wp\/v2\/posts\/723\/revisions"}],"predecessor-version":[{"id":725,"href":"https:\/\/www.radiochiloe.cl\/index.php?rest_route=\/wp\/v2\/posts\/723\/revisions\/725"}],"wp:featuredmedia":[{"embeddable":true,"href":"https:\/\/www.radiochiloe.cl\/index.php?rest_route=\/wp\/v2\/media\/724"}],"wp:attachment":[{"href":"https:\/\/www.radiochiloe.cl\/index.php?rest_route=%2Fwp%2Fv2%2Fmedia&parent=723"}],"wp:term":[{"taxonomy":"category","embeddable":true,"href":"https:\/\/www.radiochiloe.cl\/index.php?rest_route=%2Fwp%2Fv2%2Fcategories&post=723"},{"taxonomy":"post_tag","embeddable":true,"href":"https:\/\/www.radiochiloe.cl\/index.php?rest_route=%2Fwp%2Fv2%2Ftags&post=723"}],"curies":[{"name":"wp","href":"https:\/\/api.w.org\/{rel}","templated":true}]}}