{"id":731,"date":"2012-06-13T11:57:57","date_gmt":"2012-06-13T15:57:57","guid":{"rendered":"http:\/\/www.radiochiloe.cl\/?p=731"},"modified":"2012-06-13T11:57:57","modified_gmt":"2012-06-13T15:57:57","slug":"minvu-suma-600-millones-de-pesos-a-presupuesto-de-pavimentos-participativos","status":"publish","type":"post","link":"https:\/\/www.radiochiloe.cl\/?p=731","title":{"rendered":"Minvu suma 600 millones de pesos a presupuesto de pavimentos participativos"},"content":{"rendered":"<p style=\"text-align: justify;\">El Ministerio de Vivienda y Urbanismo, inyect\u00f3 600 millones de pesos extras al presupuesto asignado al llamado 21\u00b0 del programa de pavimentos participativos concursado durante el a\u00f1o 2011 en la regi\u00f3n de Los Lagos, con el fin de financiar algunos de los proyectos que se encontraban en lista de espera de este llamado.<\/p>\n<p style=\"text-align: justify;\">Las provincias que se ver\u00e1n beneficiadas con este aumento de recursos son: La Provincia de Chilo\u00e9, 2 calles, Armando Oyarz\u00fan, Castro y Presidente Ib\u00e1\u00f1ez de la comuna de Quell\u00f3n. En tanto la provincia de Llanquihue, incluir\u00e1 para la ciudad de Puerto Montt, Calle Inmaculada y para Frutillar, An\u00edbal Pinto. Asimismo, la Provincia de Osorno incorporar\u00e1 7 v\u00edas m\u00e1s, la ciudad de Osorno le corresponden cinco; Ushuaia; Puerto Gallegos; Barros Arana; Maracaibo y Zapiga.<\/p>\n<p style=\"text-align: justify;\">Asimismo, para la comuna de R\u00edo Negro, se considera el pasaje Arturo Prat y Riachuelo y para San Pablo, se agregar\u00e1 el pasaje Fernando Schuman. Finalmente, la Provincia de Palena, se incorporar\u00e1 la pavimentaci\u00f3n de la calle Lautaro. La inversi\u00f3n total de este llamado se increment\u00f3 en 3.378 millones de pesos, lo que se traducir\u00e1 a m\u00e1s de 12 mil metros lineales de pavimento, equivalentes a 74 calles nuevas para nuestra regi\u00f3n.<\/p>\n<p style=\"text-align: justify;\">\u201cNuestro ministerio tiene un gran compromiso con la regi\u00f3n de Los Lagos, con el incremento al presupuesto de este programa del Minvu, alcanzaremos a cubrir un 61.5% de los proyectos postulados, lo que es una muy buena noticia, ya que con esto, se incorporaron v\u00edas que se encontraban en lista de espera\u201d explic\u00f3 el representante de la cartera de Vivienda y Urbanismo en la regi\u00f3n de Los Lagos, Fernando Gunckel.<\/p>\n<p style=\"text-align: justify;\">A este programa del Minvu pueden postular personas organizadas en un comit\u00e9 de pavimentaci\u00f3n que cuente con personalidad jur\u00eddica y que habiten en un sector carente de pavimento. Para postular una v\u00eda, esta debe carecer de pavimento, contar con infraestructura de agua potable y alcantarillado de aguas servidas, debidamente acreditada; tener un ancho de espacio p\u00fablico entre 6 y 15 metros y una longitud a pavimentar entre 100 y 1000 metros. Adem\u00e1s, este proyecto debe contar con aportes del Municipio, comit\u00e9s y sectorial.<\/p>\n<p style=\"text-align: justify;\">Se espera que el inicio de las obras de pavimentaci\u00f3n de estas 12 calles se realice entre los meses de agosto y septiembre de este a\u00f1o. Cabe mencionar, que durante el mes de octubre concluir\u00e1 un nuevo llamado del Programa Pavimentos Participativos 2013, correspondiente al llamado 22\u00b0, el que se espera financie un gran n\u00famero de proyectos, con el fin de concluir con las antiguas v\u00edas sin pavimentar, fue as\u00ed como lo explic\u00f3, el Seremi Fernando Gunckel \u201cPara el llamado 22\u00b0, tenemos contemplado generar una mayor inversi\u00f3n para este programa, la idea es aumentar en cada llamado el n\u00famero de beneficiados por provincias, ya que sin duda, la pavimentaci\u00f3n de calles es una deuda hist\u00f3rica que existe en la regi\u00f3n y que se debe concluir\u201d Enfatiz\u00f3.<\/p>\n<p style=\"text-align: justify;\">Departamento de Prensa<\/p>\n","protected":false},"excerpt":{"rendered":"<p>El Ministerio de Vivienda y Urbanismo, inyect\u00f3 600 millones de pesos extras al presupuesto asignado al llamado 21\u00b0 del programa de pavimentos participativos concursado durante el a\u00f1o 2011 en la regi\u00f3n de Los Lagos, con el fin de financiar algunos de los proyectos que se encontraban en lista de espera de este llamado. Las provincias [&hellip;]<\/p>\n","protected":false},"author":2,"featured_media":732,"comment_status":"open","ping_status":"open","sticky":false,"template":"","format":"standard","meta":[],"categories":[3],"tags":[5],"jetpack_featured_media_url":"https:\/\/www.radiochiloe.cl\/wp-content\/uploads\/2012\/06\/pavimentosparticipativos.jpg","_links":{"self":[{"href":"https:\/\/www.radiochiloe.cl\/index.php?rest_route=\/wp\/v2\/posts\/731"}],"collection":[{"href":"https:\/\/www.radiochiloe.cl\/index.php?rest_route=\/wp\/v2\/posts"}],"about":[{"href":"https:\/\/www.radiochiloe.cl\/index.php?rest_route=\/wp\/v2\/types\/post"}],"author":[{"embeddable":true,"href":"https:\/\/www.radiochiloe.cl\/index.php?rest_route=\/wp\/v2\/users\/2"}],"replies":[{"embeddable":true,"href":"https:\/\/www.radiochiloe.cl\/index.php?rest_route=%2Fwp%2Fv2%2Fcomments&post=731"}],"version-history":[{"count":3,"href":"https:\/\/www.radiochiloe.cl\/index.php?rest_route=\/wp\/v2\/posts\/731\/revisions"}],"predecessor-version":[{"id":735,"href":"https:\/\/www.radiochiloe.cl\/index.php?rest_route=\/wp\/v2\/posts\/731\/revisions\/735"}],"wp:featuredmedia":[{"embeddable":true,"href":"https:\/\/www.radiochiloe.cl\/index.php?rest_route=\/wp\/v2\/media\/732"}],"wp:attachment":[{"href":"https:\/\/www.radiochiloe.cl\/index.php?rest_route=%2Fwp%2Fv2%2Fmedia&parent=731"}],"wp:term":[{"taxonomy":"category","embeddable":true,"href":"https:\/\/www.radiochiloe.cl\/index.php?rest_route=%2Fwp%2Fv2%2Fcategories&post=731"},{"taxonomy":"post_tag","embeddable":true,"href":"https:\/\/www.radiochiloe.cl\/index.php?rest_route=%2Fwp%2Fv2%2Ftags&post=731"}],"curies":[{"name":"wp","href":"https:\/\/api.w.org\/{rel}","templated":true}]}}