{"id":736,"date":"2012-06-13T13:08:06","date_gmt":"2012-06-13T17:08:06","guid":{"rendered":"http:\/\/www.radiochiloe.cl\/?p=736"},"modified":"2012-06-13T13:08:06","modified_gmt":"2012-06-13T17:08:06","slug":"la-corte-de-apelaciones-sentencia-a-pagar-al-servicio-de-salud-chiloe-millonaria-indemnizacion","status":"publish","type":"post","link":"https:\/\/www.radiochiloe.cl\/?p=736","title":{"rendered":"La Corte de Apelaciones sentencia a pagar al Servicio de Salud Chilo\u00e9 millonaria indemnizaci\u00f3n"},"content":{"rendered":"<p style=\"text-align: justify;\">(FOTO ARCHIVO)<\/p>\n<p style=\"text-align: justify;\">Sin lugar a dudas este caso impact\u00f3 a toda la comunidad ancuditana y sobre todo a la familia de Gladys Saldivia Calixto de 54 a\u00f1os de edad, quien perdiera la vida el 17 de octubre de 2006, cuando por una negligencia m\u00e9dica su familia no pudo verla m\u00e1s.<\/p>\n<p style=\"text-align: justify;\">Seg\u00fan el abogado Julio \u00c1lvarez, la familia de Gladys Saldivia esper\u00f3 por mucho tiempo por justicia, porque en estos casos son muy dif\u00edciles de buscar responsabilidades en un m\u00e9dico que lamentablemente, se sabe con certeza que cometi\u00f3 este grav\u00edsimo error, pero en cuanto a lo penal, la entidad estatal que lo respalda es el Servicio de Salud Chilo\u00e9, \u201ces ella la que tiene que ahora indemnizar por da\u00f1o moral a la familia por 35 millones de pesos, esta cifra fue aumentada sustancialmente debido a muchos par\u00e1metros que consign\u00f3 la corte en su dictamen final, fallo que es muy dif\u00edcil tenga apelaci\u00f3n\u201d sostuvo el jurista.<\/p>\n<p style=\"text-align: justify;\">El abogado defensor agreg\u00f3 que la Corte de Apelaciones de Puerto Montt argument\u00f3 que por ser la victima una persona de avanzada edad la indemnizaci\u00f3n tiene sus aristas judiciales que avalan el aumento del monto a pagar \u201cen esto hay que ser muy precisos, la madre de esta familia Torralbo tenia 51 a\u00f1os de edad, entonces con este solo dato la corte entendi\u00f3 que el titulo de da\u00f1o moral se pagaba porque la mujer tenia que vivir hasta el \u00faltimo de sus d\u00edas, es distinto cuando la negligencia se comete con una persona joven que tiene muchos m\u00e1s a\u00f1os por delante\u201d explic\u00f3.<\/p>\n<p style=\"text-align: justify;\">Julio \u00c1lvarez se\u00f1al\u00f3 adem\u00e1s que \u201csi bien nosotros atacamos judicialmente al doctor responsable de esta ilegalidad normalmente ellos son trasladados ha otros lugares y no tienen patrimonios como responder, son los Servicios de Salud los que son perseguidos judicialmente, porque es en estos lugares donde se cometen estos il\u00edcitos, en t\u00e9rminos pr\u00e1cticos la negligencia se cometi\u00f3 en el hospital de Ancud, entonces el Servicio de Salud de Chilo\u00e9 es el que tiene que pagar que considero es un castigo ejemplar, debido a que no solo este es el primer caso\u201d sostuvo.<\/p>\n<p style=\"text-align: justify;\">El abogado manifest\u00f3 que ser\u00eda muy raro que la parte demandada se atreva a presentar una apelaci\u00f3n \u201caqu\u00ed no hay ninguna duda sobre la ocurrencia del hecho y de la responsabilidad del profesional m\u00e9dico. Hablamos de Fernando Segundo C\u00f3rdova Guerra, quien en el 2006 era jefe del Servicio de Cirug\u00eda del Hospital San Carlos de Ancud y que lamentablemente cometi\u00f3 un grave error que tuvo como consecuencia la muerte de una mujer que solo buscaba un diagn\u00f3stico ante su consulta no que se la entregara a su familia en ata\u00fad\u201d precis\u00f3.<\/p>\n<p style=\"text-align: justify;\">Luego de conocer este fallo, la familia ahora seguir\u00e1 esperando, por un corto tiempo eso s\u00ed, por los siguientes pasos que Julio \u00c1lvarez simplific\u00f3 en un solo punto importante \u201cel acto siguiente seg\u00fan entendemos nosotros es que, una vez llegando la causa nuevamente al juzgado de Letras de la ciudad de Castro, ser\u00eda contactarnos con los abogados del Servicio de Salud de Chilo\u00e9 para ver la forma y rapidez del pago\u201d dijo.<\/p>\n<p style=\"text-align: justify;\">Cabe mencionar que el jurista a cargo de la acci\u00f3n judicial explic\u00f3 que la familia esta pasando por un doble sentimiento \u201cpor un lado est\u00e1n con bastante alegr\u00eda, porque pese a la larga espera, lo tedioso y lo engorroso que fue esta causa, por fin hay justicia pero por otro lado hay desaz\u00f3n porque es el cierre de un cap\u00edtulo que signific\u00f3 la muerte de unos de sus familiares, con esto quiero decir que ninguna indemnizaci\u00f3n har\u00e1 que se recupere la vida de la victima\u201d puntualiz\u00f3.<\/p>\n<p style=\"text-align: justify;\">\u201cLo esencial ac\u00e1 es que haya organismos que respondan ante un caso como este, porque no hay nadie que este por sobre la ley. Adem\u00e1s quiero agregar que la Ley Auge, que tambi\u00e9n prev\u00e9 este tipo de situaciones, tiene que ser modificada sustancialmente de manera que facilite el acceso a la justicia para que estos procedimientos no duren tanto\u201d explic\u00f3.<\/p>\n<p style=\"text-align: justify;\">Finalmente Julio \u00c1lvarez dijo que son los tribunales que tienen que ver el tema de las costas, que son estos organismos, tanto de primera como de segunda instancia, en el caso de la Corte de Apelaciones, los entes reguladores que tomaran la decisi\u00f3n de aumentar el monto a pagar, pero debiera, seg\u00fan su apreciaci\u00f3n, existir ese castigo.<\/p>\n<p style=\"text-align: justify;\">Departamento de Prensa<\/p>\n","protected":false},"excerpt":{"rendered":"<p>(FOTO ARCHIVO) Sin lugar a dudas este caso impact\u00f3 a toda la comunidad ancuditana y sobre todo a la familia de Gladys Saldivia Calixto de 54 a\u00f1os de edad, quien perdiera la vida el 17 de octubre de 2006, cuando por una negligencia m\u00e9dica su familia no pudo verla m\u00e1s. Seg\u00fan el abogado Julio \u00c1lvarez, [&hellip;]<\/p>\n","protected":false},"author":2,"featured_media":737,"comment_status":"open","ping_status":"open","sticky":false,"template":"","format":"standard","meta":[],"categories":[3],"tags":[5],"jetpack_featured_media_url":"https:\/\/www.radiochiloe.cl\/wp-content\/uploads\/2012\/06\/hospitalancud.jpg","_links":{"self":[{"href":"https:\/\/www.radiochiloe.cl\/index.php?rest_route=\/wp\/v2\/posts\/736"}],"collection":[{"href":"https:\/\/www.radiochiloe.cl\/index.php?rest_route=\/wp\/v2\/posts"}],"about":[{"href":"https:\/\/www.radiochiloe.cl\/index.php?rest_route=\/wp\/v2\/types\/post"}],"author":[{"embeddable":true,"href":"https:\/\/www.radiochiloe.cl\/index.php?rest_route=\/wp\/v2\/users\/2"}],"replies":[{"embeddable":true,"href":"https:\/\/www.radiochiloe.cl\/index.php?rest_route=%2Fwp%2Fv2%2Fcomments&post=736"}],"version-history":[{"count":3,"href":"https:\/\/www.radiochiloe.cl\/index.php?rest_route=\/wp\/v2\/posts\/736\/revisions"}],"predecessor-version":[{"id":740,"href":"https:\/\/www.radiochiloe.cl\/index.php?rest_route=\/wp\/v2\/posts\/736\/revisions\/740"}],"wp:featuredmedia":[{"embeddable":true,"href":"https:\/\/www.radiochiloe.cl\/index.php?rest_route=\/wp\/v2\/media\/737"}],"wp:attachment":[{"href":"https:\/\/www.radiochiloe.cl\/index.php?rest_route=%2Fwp%2Fv2%2Fmedia&parent=736"}],"wp:term":[{"taxonomy":"category","embeddable":true,"href":"https:\/\/www.radiochiloe.cl\/index.php?rest_route=%2Fwp%2Fv2%2Fcategories&post=736"},{"taxonomy":"post_tag","embeddable":true,"href":"https:\/\/www.radiochiloe.cl\/index.php?rest_route=%2Fwp%2Fv2%2Ftags&post=736"}],"curies":[{"name":"wp","href":"https:\/\/api.w.org\/{rel}","templated":true}]}}