{"id":75367,"date":"2021-02-05T13:42:56","date_gmt":"2021-02-05T16:42:56","guid":{"rendered":"https:\/\/www.radiochiloe.cl\/?p=75367"},"modified":"2021-02-05T13:18:56","modified_gmt":"2021-02-05T16:18:56","slug":"quemchi-incendio-afecto-a-central-electrica","status":"publish","type":"post","link":"https:\/\/www.radiochiloe.cl\/?p=75367","title":{"rendered":"Quemchi: incendio afect\u00f3 a central el\u00e9ctrica."},"content":{"rendered":"<p style=\"text-align: justify;\">Un incendio de proporciones se registr\u00f3 la tarde de este jueves en la Central El\u00e9ctrica Nueva Dega\u00f1, de propiedad de la empresa Energy Partner Chile, ubicada en sector Dega\u00f1, comuna de Quemchi.<\/p>\n<p style=\"text-align: justify;\">La emergencia moviliz\u00f3 a la totalidad del Cuerpo de Bomberos de Quemchi, quienes debieron solicitar apoyo a voluntarios bomberiles de Castro, Dalcahue y Ancud, quienes debieron trabajar arduamente para controlar el siniestro que, por momentos, caus\u00f3 preocupaci\u00f3n por la cercan\u00eda de estanques de combustibles que se encontraban dentro del recinto.<\/p>\n<p style=\"text-align: justify;\">Respecto a esta emergencia se refiri\u00f3 el Primer Comandante del Cuerpo de Bomberos de Ancud, Javier Moreira:<\/p>\n<!--[if lt IE 9]><script>document.createElement('audio');<\/script><![endif]-->\n<audio class=\"wp-audio-shortcode\" id=\"audio-75367-1\" preload=\"none\" style=\"width: 100%;\" controls=\"controls\"><source type=\"audio\/mpeg\" src=\"https:\/\/www.radiochiloe.cl\/wp-content\/uploads\/2021\/02\/JAVIER-MOREIRA-WEB-incendio-en-quemchi.mp3?_=1\" \/><a href=\"https:\/\/www.radiochiloe.cl\/wp-content\/uploads\/2021\/02\/JAVIER-MOREIRA-WEB-incendio-en-quemchi.mp3\">https:\/\/www.radiochiloe.cl\/wp-content\/uploads\/2021\/02\/JAVIER-MOREIRA-WEB-incendio-en-quemchi.mp3<\/a><\/audio>\n<p style=\"text-align: justify;\">Por su parte el Mayor de Carabineros, Marcelo Baamonde, de la Primera Comisar\u00eda de Ancud, se\u00f1al\u00f3:<\/p>\n<audio class=\"wp-audio-shortcode\" id=\"audio-75367-2\" preload=\"none\" style=\"width: 100%;\" controls=\"controls\"><source type=\"audio\/mpeg\" src=\"https:\/\/www.radiochiloe.cl\/wp-content\/uploads\/2021\/02\/marcelo-bahamonde-incendio-en-quemchi.mp3?_=2\" \/><a href=\"https:\/\/www.radiochiloe.cl\/wp-content\/uploads\/2021\/02\/marcelo-bahamonde-incendio-en-quemchi.mp3\">https:\/\/www.radiochiloe.cl\/wp-content\/uploads\/2021\/02\/marcelo-bahamonde-incendio-en-quemchi.mp3<\/a><\/audio>\n<p style=\"text-align: justify;\">En tanto, el Gobernador Provincial de Chilo\u00e9, Pedro Andrade P\u00e9rez, quien acudi\u00f3 al lugar para interiorizarse en terreno de la emergencia, indic\u00f3:<\/p>\n<audio class=\"wp-audio-shortcode\" id=\"audio-75367-3\" preload=\"none\" style=\"width: 100%;\" controls=\"controls\"><source type=\"audio\/mpeg\" src=\"https:\/\/www.radiochiloe.cl\/wp-content\/uploads\/2021\/02\/PEDRO-ANDRADE-WEB-incendio-en-quemchi.mp3?_=3\" \/><a href=\"https:\/\/www.radiochiloe.cl\/wp-content\/uploads\/2021\/02\/PEDRO-ANDRADE-WEB-incendio-en-quemchi.mp3\">https:\/\/www.radiochiloe.cl\/wp-content\/uploads\/2021\/02\/PEDRO-ANDRADE-WEB-incendio-en-quemchi.mp3<\/a><\/audio>\n<p style=\"text-align: justify;\">Por su parte, la distribuidora Saesa en un comunicado, aclar\u00f3 que el recinto siniestrado no es de propiedad de la empresa, como se se\u00f1al\u00f3 en un primer momento:<\/p>\n<p style=\"text-align: justify;\">\u00abEste incendio estructural No corresponde a la Subestaci\u00f3n Chilo\u00e9 ni otra, perteneciente a nuestra empresa el\u00e9ctrica, ubicadas en el mismo sector, las cuales no se han visto afectadas por la emergencia.<\/p>\n<p style=\"text-align: justify;\">De inmediato se activ\u00f3 nuestro plan de contingencia para evaluar la situaci\u00f3n y disponer de todos los recursos t\u00e9cnicos y humanos para proteger nuestras instalaciones y seguir asegurando la continuidad de nuestro servicio.<\/p>\n<p style=\"text-align: justify;\">Adem\u00e1s, de manera preventiva se realiz\u00f3 una desconexi\u00f3n de emergencia para que Bomberos puedan continuar su labor de manera segura en el lugar del siniestro, que afect\u00f3 moment\u00e1neamente a 561 clientes de los sectores de Butalcura, Dega\u00f1 y alrededores.<\/p>\n<p style=\"text-align: justify;\">Reiteramos que, mantenemos activo nuestro plan de alerta preventiva por altas temperaturas en la zona, que contempla el refuerzo de personal de terreno, log\u00edstico y de atenci\u00f3n en contact center y redes sociales, con el prop\u00f3sito de dar una r\u00e1pida atenci\u00f3n a sus clientes\u00bb.<\/p>\n<p style=\"text-align: justify;\">De esta manera, el trabajo en conjunto de los cuerpos de bomberos de Quemchi, Ancud y Castro permiti\u00f3 controlar esta emergencia y evitar que pasara a mayores, sobre todo por el peligro de inflamaci\u00f3n de combustibles que se encontraban almacenados en estanques, no registr\u00e1ndose desgracias personales, ni lesionados producto de la emergencia.<\/p>\n<p>Respecto a las causas del siniestro, preliminarmente se habr\u00eda producido por el recalentamiento de los equipo de generacion de energia el\u00e9ctrica, probablemente debido a las altas temperaturas.<\/p>\n<p style=\"text-align: justify;\">En tanto, la misma tarde de este jueves, voluntarios bomberiles del cuerpo de bomberos de Castro debieron concurrir en apoyo al cuerpo de bomberos de Chonchi a sofocar una quema de matorrales a orilla de carretera en sector Nalhuitad y de manera pr\u00e1cticamente simult\u00e1nea, debieron trabajar en el combate de un incendio de pastizales, producto de la ca\u00edda de tendido el\u00e9ctrico en sector Alto Muro, comuna de Castro.<\/p>\n","protected":false},"excerpt":{"rendered":"<p>Un incendio de proporciones se registr\u00f3 la tarde de este jueves en la Central El\u00e9ctrica Nueva Dega\u00f1, de propiedad de la empresa Energy Partner Chile, ubicada en sector Dega\u00f1, comuna de Quemchi. La emergencia moviliz\u00f3 a la totalidad del Cuerpo de Bomberos de Quemchi, quienes debieron solicitar apoyo a voluntarios bomberiles de Castro, Dalcahue y [&hellip;]<\/p>\n","protected":false},"author":9,"featured_media":75371,"comment_status":"closed","ping_status":"closed","sticky":false,"template":"","format":"audio","meta":[],"categories":[3],"tags":[5],"jetpack_featured_media_url":"https:\/\/www.radiochiloe.cl\/wp-content\/uploads\/2021\/02\/383add31-645f-4bad-bfb4-1a1b6c895ba5-e1612540813873.jpg","_links":{"self":[{"href":"https:\/\/www.radiochiloe.cl\/index.php?rest_route=\/wp\/v2\/posts\/75367"}],"collection":[{"href":"https:\/\/www.radiochiloe.cl\/index.php?rest_route=\/wp\/v2\/posts"}],"about":[{"href":"https:\/\/www.radiochiloe.cl\/index.php?rest_route=\/wp\/v2\/types\/post"}],"author":[{"embeddable":true,"href":"https:\/\/www.radiochiloe.cl\/index.php?rest_route=\/wp\/v2\/users\/9"}],"replies":[{"embeddable":true,"href":"https:\/\/www.radiochiloe.cl\/index.php?rest_route=%2Fwp%2Fv2%2Fcomments&post=75367"}],"version-history":[{"count":3,"href":"https:\/\/www.radiochiloe.cl\/index.php?rest_route=\/wp\/v2\/posts\/75367\/revisions"}],"predecessor-version":[{"id":75376,"href":"https:\/\/www.radiochiloe.cl\/index.php?rest_route=\/wp\/v2\/posts\/75367\/revisions\/75376"}],"wp:featuredmedia":[{"embeddable":true,"href":"https:\/\/www.radiochiloe.cl\/index.php?rest_route=\/wp\/v2\/media\/75371"}],"wp:attachment":[{"href":"https:\/\/www.radiochiloe.cl\/index.php?rest_route=%2Fwp%2Fv2%2Fmedia&parent=75367"}],"wp:term":[{"taxonomy":"category","embeddable":true,"href":"https:\/\/www.radiochiloe.cl\/index.php?rest_route=%2Fwp%2Fv2%2Fcategories&post=75367"},{"taxonomy":"post_tag","embeddable":true,"href":"https:\/\/www.radiochiloe.cl\/index.php?rest_route=%2Fwp%2Fv2%2Ftags&post=75367"}],"curies":[{"name":"wp","href":"https:\/\/api.w.org\/{rel}","templated":true}]}}