{"id":772,"date":"2012-06-13T14:51:43","date_gmt":"2012-06-13T18:51:43","guid":{"rendered":"http:\/\/www.radiochiloe.cl\/?p=772"},"modified":"2012-06-13T14:51:43","modified_gmt":"2012-06-13T18:51:43","slug":"conaf-interpone-demanda-por-tala-ilegal-de-bosque-nativo","status":"publish","type":"post","link":"https:\/\/www.radiochiloe.cl\/?p=772","title":{"rendered":"Conaf interpone demanda por tala ilegal de bosque nativo"},"content":{"rendered":"<p style=\"text-align: justify;\">Hasta el Juzgado de Polic\u00eda local de Ancud, se traslad\u00f3 este mi\u00e9rcoles el director regional de la Conaf y el jefe provincial de la instituci\u00f3n, para interponer una demanda por tala ilegal de bosque nativo.<\/p>\n<p style=\"text-align: justify;\">Seg\u00fan lo informado por jefe provincial de la Conaf en Chilo\u00e9, Alejandro D\u00edaz, la demanda est\u00e1 basada en la tala ilegal de bosque nativo, que ha sido descubierto en el sector de Colonia Dega\u00f1, en la comuna de Ancud, donde 72 hect\u00e1reas de maza forestal fueron taladas con el objeto de venderlas como le\u00f1a.<\/p>\n<p style=\"text-align: justify;\">Indic\u00f3 que en el sector se detect\u00f3 una tala rasa de bosque en un predio de 72 hect\u00e1reas identificando adem\u00e1s a las personas responsables de este hecho, luego de las fiscalizaciones realizadas en conjunto con Carabineros e Investigaciones de Chile.<\/p>\n<p style=\"text-align: justify;\">El profesional record\u00f3 que el hecho fue comprobado tras realizarse vuelos en avionetas en el lugar, adem\u00e1s de desarrollar un trabajo con fotograf\u00edas a\u00e9reas e im\u00e1genes satelitales, lo que permiti\u00f3 detectar que 72 hect\u00e1reas de bosque compuestos principalmente por especies como luma, ulmo, tep\u00fa y avellano, fueron taladas en forma ilegal.<\/p>\n<p style=\"text-align: justify;\">Alejandro D\u00edaz indic\u00f3 que en esta tala ilegal d bosque nativo estar\u00eda involucrado uno de los propietarios del terreno, por tratarse de una sucesi\u00f3n, adem\u00e1s de tercera personas que ten\u00edan trato con el due\u00f1o, para cortar el bosque nativo.<\/p>\n<p style=\"text-align: justify;\">Precis\u00f3 que entre las sanciones se podr\u00eda establecer una multa que superar\u00eda los 2 mil millones de pesos, por tratarse de la venta de m\u00e1s de 40 mil metros de c\u00fabicos de le\u00f1a, adem\u00e1s que la ley exige que los responsables tienen que reforestar el predio talado con las mismas especies que fueron cortadas.<\/p>\n<p style=\"text-align: justify;\">Agreg\u00f3 que si no se cumplen con el pago de las multas, el predio podr\u00eda ser embargado y posteriormente rematado de acuerdo a la Ley.<\/p>\n<p style=\"text-align: justify;\">Departamento de Prensa<\/p>\n","protected":false},"excerpt":{"rendered":"<p>Hasta el Juzgado de Polic\u00eda local de Ancud, se traslad\u00f3 este mi\u00e9rcoles el director regional de la Conaf y el jefe provincial de la instituci\u00f3n, para interponer una demanda por tala ilegal de bosque nativo. Seg\u00fan lo informado por jefe provincial de la Conaf en Chilo\u00e9, Alejandro D\u00edaz, la demanda est\u00e1 basada en la tala [&hellip;]<\/p>\n","protected":false},"author":2,"featured_media":773,"comment_status":"open","ping_status":"open","sticky":false,"template":"","format":"standard","meta":[],"categories":[3],"tags":[5],"jetpack_featured_media_url":"https:\/\/www.radiochiloe.cl\/wp-content\/uploads\/2012\/06\/talailegal.jpg","_links":{"self":[{"href":"https:\/\/www.radiochiloe.cl\/index.php?rest_route=\/wp\/v2\/posts\/772"}],"collection":[{"href":"https:\/\/www.radiochiloe.cl\/index.php?rest_route=\/wp\/v2\/posts"}],"about":[{"href":"https:\/\/www.radiochiloe.cl\/index.php?rest_route=\/wp\/v2\/types\/post"}],"author":[{"embeddable":true,"href":"https:\/\/www.radiochiloe.cl\/index.php?rest_route=\/wp\/v2\/users\/2"}],"replies":[{"embeddable":true,"href":"https:\/\/www.radiochiloe.cl\/index.php?rest_route=%2Fwp%2Fv2%2Fcomments&post=772"}],"version-history":[{"count":2,"href":"https:\/\/www.radiochiloe.cl\/index.php?rest_route=\/wp\/v2\/posts\/772\/revisions"}],"predecessor-version":[{"id":775,"href":"https:\/\/www.radiochiloe.cl\/index.php?rest_route=\/wp\/v2\/posts\/772\/revisions\/775"}],"wp:featuredmedia":[{"embeddable":true,"href":"https:\/\/www.radiochiloe.cl\/index.php?rest_route=\/wp\/v2\/media\/773"}],"wp:attachment":[{"href":"https:\/\/www.radiochiloe.cl\/index.php?rest_route=%2Fwp%2Fv2%2Fmedia&parent=772"}],"wp:term":[{"taxonomy":"category","embeddable":true,"href":"https:\/\/www.radiochiloe.cl\/index.php?rest_route=%2Fwp%2Fv2%2Fcategories&post=772"},{"taxonomy":"post_tag","embeddable":true,"href":"https:\/\/www.radiochiloe.cl\/index.php?rest_route=%2Fwp%2Fv2%2Ftags&post=772"}],"curies":[{"name":"wp","href":"https:\/\/api.w.org\/{rel}","templated":true}]}}