{"id":79753,"date":"2021-07-06T13:40:27","date_gmt":"2021-07-06T17:40:27","guid":{"rendered":"https:\/\/www.radiochiloe.cl\/?p=79753"},"modified":"2021-07-06T13:40:27","modified_gmt":"2021-07-06T17:40:27","slug":"regional-katherine-montealegre-convencional-constituyente-distrito-no-26","status":"publish","type":"post","link":"https:\/\/www.radiochiloe.cl\/?p=79753","title":{"rendered":"Regional: Katherine Montealegre Convencional Constituyente Distrito No. 26."},"content":{"rendered":"<p style=\"text-align: justify;\">Katherine Montealegre Navarro, militante de la UDI, es otra de las representantes del Distrito No. 26 de Llanquihue, Chilo\u00e9 y Palena que jur\u00f3 este domingo como Convencional Constituyente y se\u00f1al\u00f3 que fue un momento cargado de simbolismo, pero preocupante a la vez, por el grado de violencia con que parti\u00f3 el proceso:<\/p>\n<!--[if lt IE 9]><script>document.createElement('audio');<\/script><![endif]-->\n<audio class=\"wp-audio-shortcode\" id=\"audio-79753-1\" preload=\"none\" style=\"width: 100%;\" controls=\"controls\"><source type=\"audio\/mpeg\" src=\"https:\/\/www.radiochiloe.cl\/wp-content\/uploads\/2021\/07\/Katherine-montealegre-constituyente-Cu\u00f1a-1-5-de-Julio-2021.mp3?_=1\" \/><a href=\"https:\/\/www.radiochiloe.cl\/wp-content\/uploads\/2021\/07\/Katherine-montealegre-constituyente-Cu\u00f1a-1-5-de-Julio-2021.mp3\">https:\/\/www.radiochiloe.cl\/wp-content\/uploads\/2021\/07\/Katherine-montealegre-constituyente-Cu\u00f1a-1-5-de-Julio-2021.mp3<\/a><\/audio>\n<p style=\"text-align: justify;\">La convencional, adem\u00e1s se\u00f1al\u00f3 que, lamenta que algunos de sus colegas amparen estos hechos de violencia y se les d\u00e9 prioridad a temas ajenos a su labor:<\/p>\n<audio class=\"wp-audio-shortcode\" id=\"audio-79753-2\" preload=\"none\" style=\"width: 100%;\" controls=\"controls\"><source type=\"audio\/mpeg\" src=\"https:\/\/www.radiochiloe.cl\/wp-content\/uploads\/2021\/07\/Katherine-montealegre-constituyente-Cu\u00f1a-2-5-de-Julio-2021-.mp3?_=2\" \/><a href=\"https:\/\/www.radiochiloe.cl\/wp-content\/uploads\/2021\/07\/Katherine-montealegre-constituyente-Cu\u00f1a-2-5-de-Julio-2021-.mp3\">https:\/\/www.radiochiloe.cl\/wp-content\/uploads\/2021\/07\/Katherine-montealegre-constituyente-Cu\u00f1a-2-5-de-Julio-2021-.mp3<\/a><\/audio>\n<p style=\"text-align: justify;\">Katherine Montealegre tiene 28 a\u00f1os y cuenta con un extenso liderazgo juvenil a nivel regional y nacional, desempe\u00f1\u00e1ndose como vicepresidenta nacional de las nuevas generaciones de la UDI.<\/p>\n","protected":false},"excerpt":{"rendered":"<p>Katherine Montealegre Navarro, militante de la UDI, es otra de las representantes del Distrito No. 26 de Llanquihue, Chilo\u00e9 y Palena que jur\u00f3 este domingo como Convencional Constituyente y se\u00f1al\u00f3 que fue un momento cargado de simbolismo, pero preocupante a la vez, por el grado de violencia con que parti\u00f3 el proceso: La convencional, adem\u00e1s [&hellip;]<\/p>\n","protected":false},"author":9,"featured_media":79756,"comment_status":"closed","ping_status":"closed","sticky":false,"template":"","format":"audio","meta":[],"categories":[3],"tags":[5],"jetpack_featured_media_url":"https:\/\/www.radiochiloe.cl\/wp-content\/uploads\/2021\/07\/E5DRaGUXMAIJCnj.jpg","_links":{"self":[{"href":"https:\/\/www.radiochiloe.cl\/index.php?rest_route=\/wp\/v2\/posts\/79753"}],"collection":[{"href":"https:\/\/www.radiochiloe.cl\/index.php?rest_route=\/wp\/v2\/posts"}],"about":[{"href":"https:\/\/www.radiochiloe.cl\/index.php?rest_route=\/wp\/v2\/types\/post"}],"author":[{"embeddable":true,"href":"https:\/\/www.radiochiloe.cl\/index.php?rest_route=\/wp\/v2\/users\/9"}],"replies":[{"embeddable":true,"href":"https:\/\/www.radiochiloe.cl\/index.php?rest_route=%2Fwp%2Fv2%2Fcomments&post=79753"}],"version-history":[{"count":1,"href":"https:\/\/www.radiochiloe.cl\/index.php?rest_route=\/wp\/v2\/posts\/79753\/revisions"}],"predecessor-version":[{"id":79757,"href":"https:\/\/www.radiochiloe.cl\/index.php?rest_route=\/wp\/v2\/posts\/79753\/revisions\/79757"}],"wp:featuredmedia":[{"embeddable":true,"href":"https:\/\/www.radiochiloe.cl\/index.php?rest_route=\/wp\/v2\/media\/79756"}],"wp:attachment":[{"href":"https:\/\/www.radiochiloe.cl\/index.php?rest_route=%2Fwp%2Fv2%2Fmedia&parent=79753"}],"wp:term":[{"taxonomy":"category","embeddable":true,"href":"https:\/\/www.radiochiloe.cl\/index.php?rest_route=%2Fwp%2Fv2%2Fcategories&post=79753"},{"taxonomy":"post_tag","embeddable":true,"href":"https:\/\/www.radiochiloe.cl\/index.php?rest_route=%2Fwp%2Fv2%2Ftags&post=79753"}],"curies":[{"name":"wp","href":"https:\/\/api.w.org\/{rel}","templated":true}]}}