{"id":89060,"date":"2022-06-17T20:08:23","date_gmt":"2022-06-18T00:08:23","guid":{"rendered":"https:\/\/www.radiochiloe.cl\/?p=89060"},"modified":"2022-06-17T20:08:23","modified_gmt":"2022-06-18T00:08:23","slug":"castro-declaran-zona-tipica-meseta-fundacional-de-la-comuna-reacciones","status":"publish","type":"post","link":"https:\/\/www.radiochiloe.cl\/?p=89060","title":{"rendered":"Castro: declaran zona t\u00edpica meseta fundacional de la comuna. Reacciones."},"content":{"rendered":"<p style=\"text-align: justify;\">Preocupaci\u00f3n e indignaci\u00f3n ha causado entre los vecinos y comunidad de la comuna de Castro, la sorpresiva publicaci\u00f3n en el Diario Oficial, por parte del Consejo de Monumentos Nacionales, de decreto que declara como Zona T\u00edpica o Pintoresca a un pol\u00edgono que abarca pr\u00e1cticamente la totalidad del casco hist\u00f3rico de la capital provincial de Chilo\u00e9.<\/p>\n<p style=\"text-align: justify;\">Respecto a esta situaci\u00f3n se refiri\u00f3, a trav\u00e9s de la lectura de un comunicado, el alcalde de Castro Juan Eduardo Vera, quien se\u00f1al\u00f3 que el Consejo de Monumentos Nacionales desconoci\u00f3 los acuerdos adoptados en la mesa t\u00e9cnica para la modificaci\u00f3n del Plan Regulador comunal y poder as\u00ed proteger los bienes patrimoniales ubicados en la meseta fundacional de la comuna, en especial el Templo San Francisco, Patrimonio de la Humanidad:<\/p>\n<!--[if lt IE 9]><script>document.createElement('audio');<\/script><![endif]-->\n<audio class=\"wp-audio-shortcode\" id=\"audio-89060-1\" preload=\"none\" style=\"width: 100%;\" controls=\"controls\"><source type=\"audio\/mpeg\" src=\"https:\/\/www.radiochiloe.cl\/wp-content\/uploads\/2022\/06\/Alcalde-Juan-Eduardo-Vera-Cu\u00f1a-1-15-de-Junio-2022.mp3?_=1\" \/><a href=\"https:\/\/www.radiochiloe.cl\/wp-content\/uploads\/2022\/06\/Alcalde-Juan-Eduardo-Vera-Cu\u00f1a-1-15-de-Junio-2022.mp3\">https:\/\/www.radiochiloe.cl\/wp-content\/uploads\/2022\/06\/Alcalde-Juan-Eduardo-Vera-Cu\u00f1a-1-15-de-Junio-2022.mp3<\/a><\/audio>\n<p style=\"text-align: justify;\">El edil, adem\u00e1s se\u00f1al\u00f3:<\/p>\n<audio class=\"wp-audio-shortcode\" id=\"audio-89060-2\" preload=\"none\" style=\"width: 100%;\" controls=\"controls\"><source type=\"audio\/mpeg\" src=\"https:\/\/www.radiochiloe.cl\/wp-content\/uploads\/2022\/06\/Alcalde-Juan-Eduardo-Vera-Cu\u00f1a-2-15-de-Junio-2022.mp3?_=2\" \/><a href=\"https:\/\/www.radiochiloe.cl\/wp-content\/uploads\/2022\/06\/Alcalde-Juan-Eduardo-Vera-Cu\u00f1a-2-15-de-Junio-2022.mp3\">https:\/\/www.radiochiloe.cl\/wp-content\/uploads\/2022\/06\/Alcalde-Juan-Eduardo-Vera-Cu\u00f1a-2-15-de-Junio-2022.mp3<\/a><\/audio>\n<p style=\"text-align: justify;\">El alcalde castre\u00f1o se\u00f1al\u00f3 que, a la fecha, el Consejo de Monumentos Nacionales se encuentra al tanto de todos los avances y acuerdos adoptados para la modificaci\u00f3n del Plan Regulador:<\/p>\n<audio class=\"wp-audio-shortcode\" id=\"audio-89060-3\" preload=\"none\" style=\"width: 100%;\" controls=\"controls\"><source type=\"audio\/mpeg\" src=\"https:\/\/www.radiochiloe.cl\/wp-content\/uploads\/2022\/06\/Alcalde-Juan-Eduardo-Vera-Cu\u00f1a-3-15-de-Junio-2022.mp3?_=3\" \/><a href=\"https:\/\/www.radiochiloe.cl\/wp-content\/uploads\/2022\/06\/Alcalde-Juan-Eduardo-Vera-Cu\u00f1a-3-15-de-Junio-2022.mp3\">https:\/\/www.radiochiloe.cl\/wp-content\/uploads\/2022\/06\/Alcalde-Juan-Eduardo-Vera-Cu\u00f1a-3-15-de-Junio-2022.mp3<\/a><\/audio>\n<p style=\"text-align: justify;\">En tanto, diversas reacciones a generado esta situaci\u00f3n.<\/p>\n<p style=\"text-align: justify;\">Al respecto, el Concejal Enrique Soto se\u00f1al\u00f3 que esta declaratoria no afecta a los vecinos o propietarios que se encuentran dentro del pol\u00edgono:<\/p>\n<audio class=\"wp-audio-shortcode\" id=\"audio-89060-4\" preload=\"none\" style=\"width: 100%;\" controls=\"controls\"><source type=\"audio\/mpeg\" src=\"https:\/\/www.radiochiloe.cl\/wp-content\/uploads\/2022\/06\/Concejal-Enrique-Soto-15-de-Junio-2022.mp3?_=4\" \/><a href=\"https:\/\/www.radiochiloe.cl\/wp-content\/uploads\/2022\/06\/Concejal-Enrique-Soto-15-de-Junio-2022.mp3\">https:\/\/www.radiochiloe.cl\/wp-content\/uploads\/2022\/06\/Concejal-Enrique-Soto-15-de-Junio-2022.mp3<\/a><\/audio>\n<p style=\"text-align: justify;\">Por su parte, el Concejal Jorge B\u00f3rquez, manifest\u00f3 su molestia con el Consejo de Monumentos Nacionales:<\/p>\n<audio class=\"wp-audio-shortcode\" id=\"audio-89060-5\" preload=\"none\" style=\"width: 100%;\" controls=\"controls\"><source type=\"audio\/mpeg\" src=\"https:\/\/www.radiochiloe.cl\/wp-content\/uploads\/2022\/06\/Concejal-Jorge-Luis-Borquez-15-de-Junio-2022-1.mp3?_=5\" \/><a href=\"https:\/\/www.radiochiloe.cl\/wp-content\/uploads\/2022\/06\/Concejal-Jorge-Luis-Borquez-15-de-Junio-2022-1.mp3\">https:\/\/www.radiochiloe.cl\/wp-content\/uploads\/2022\/06\/Concejal-Jorge-Luis-Borquez-15-de-Junio-2022-1.mp3<\/a><\/audio>\n<p style=\"text-align: justify;\">En tanto, el Concejal de Castro, Ignacio \u00c1lvarez, critic\u00f3 la gesti\u00f3n del municipio en esta situaci\u00f3n por el retraso en la confecci\u00f3n del nuevo Plan Regulador para la comuna:<\/p>\n<audio class=\"wp-audio-shortcode\" id=\"audio-89060-6\" preload=\"none\" style=\"width: 100%;\" controls=\"controls\"><source type=\"audio\/mpeg\" src=\"https:\/\/www.radiochiloe.cl\/wp-content\/uploads\/2022\/06\/Concejal-Ignacio-Alvarez-15-de-Junio-2022.mp3?_=6\" \/><a href=\"https:\/\/www.radiochiloe.cl\/wp-content\/uploads\/2022\/06\/Concejal-Ignacio-Alvarez-15-de-Junio-2022.mp3\">https:\/\/www.radiochiloe.cl\/wp-content\/uploads\/2022\/06\/Concejal-Ignacio-Alvarez-15-de-Junio-2022.mp3<\/a><\/audio>\n<p style=\"text-align: justify;\">A su vez, Nicol\u00e1s \u00c1lvarez Concejal en ejercicio, rechaz\u00f3 tajantemente, por arbitraria, la declaratoria de zona t\u00edpica para la meseta fundacional de Castro:<\/p>\n<audio class=\"wp-audio-shortcode\" id=\"audio-89060-7\" preload=\"none\" style=\"width: 100%;\" controls=\"controls\"><source type=\"audio\/mpeg\" src=\"https:\/\/www.radiochiloe.cl\/wp-content\/uploads\/2022\/06\/Concejal-Nicolas-Alvarez-15-de-Junio-2022.mp3?_=7\" \/><a href=\"https:\/\/www.radiochiloe.cl\/wp-content\/uploads\/2022\/06\/Concejal-Nicolas-Alvarez-15-de-Junio-2022.mp3\">https:\/\/www.radiochiloe.cl\/wp-content\/uploads\/2022\/06\/Concejal-Nicolas-Alvarez-15-de-Junio-2022.mp3<\/a><\/audio>\n<p style=\"text-align: justify;\">El Concejal Baltazar Elgueta, indic\u00f3 que se debe ejercer una presi\u00f3n policita para revertir esta situaci\u00f3n:<\/p>\n<audio class=\"wp-audio-shortcode\" id=\"audio-89060-8\" preload=\"none\" style=\"width: 100%;\" controls=\"controls\"><source type=\"audio\/mpeg\" src=\"https:\/\/www.radiochiloe.cl\/wp-content\/uploads\/2022\/06\/Concejal-Baltazar-Elgueta-15-de-Junio-2022.mp3?_=8\" \/><a href=\"https:\/\/www.radiochiloe.cl\/wp-content\/uploads\/2022\/06\/Concejal-Baltazar-Elgueta-15-de-Junio-2022.mp3\">https:\/\/www.radiochiloe.cl\/wp-content\/uploads\/2022\/06\/Concejal-Baltazar-Elgueta-15-de-Junio-2022.mp3<\/a><\/audio>\n<p style=\"text-align: justify;\">Por su parte, el Presidente de la C\u00e1mara de Comercio de Castro, Julio Cand\u00eda se mostr\u00f3 sorprendido con esta declaratoria:<\/p>\n<audio class=\"wp-audio-shortcode\" id=\"audio-89060-9\" preload=\"none\" style=\"width: 100%;\" controls=\"controls\"><source type=\"audio\/mpeg\" src=\"https:\/\/www.radiochiloe.cl\/wp-content\/uploads\/2022\/06\/Presidente-camara-de-Comercio-de-castro-Julio-Candia-15-de-Junio-2022.mp3?_=9\" \/><a href=\"https:\/\/www.radiochiloe.cl\/wp-content\/uploads\/2022\/06\/Presidente-camara-de-Comercio-de-castro-Julio-Candia-15-de-Junio-2022.mp3\">https:\/\/www.radiochiloe.cl\/wp-content\/uploads\/2022\/06\/Presidente-camara-de-Comercio-de-castro-Julio-Candia-15-de-Junio-2022.mp3<\/a><\/audio>\n<p style=\"text-align: justify;\">De esta manera, m\u00e1s de 36 hect\u00e1reas abarca el pol\u00edgono que encierra la llamada Zona T\u00edpica, cuyo decreto fue publicado, de manera inesperada, este martes en el Diario Oficial, por parte del Consejo de Monumentos Nacionales, causando preocupaci\u00f3n, molestia e incertidumbre, especialmente entre los vecinos que se sienten afectados por esta situaci\u00f3n<\/p>\n","protected":false},"excerpt":{"rendered":"<p>Preocupaci\u00f3n e indignaci\u00f3n ha causado entre los vecinos y comunidad de la comuna de Castro, la sorpresiva publicaci\u00f3n en el Diario Oficial, por parte del Consejo de Monumentos Nacionales, de decreto que declara como Zona T\u00edpica o Pintoresca a un pol\u00edgono que abarca pr\u00e1cticamente la totalidad del casco hist\u00f3rico de la capital provincial de Chilo\u00e9. [&hellip;]<\/p>\n","protected":false},"author":9,"featured_media":89070,"comment_status":"closed","ping_status":"closed","sticky":false,"template":"","format":"audio","meta":[],"categories":[3],"tags":[5],"jetpack_featured_media_url":"https:\/\/www.radiochiloe.cl\/wp-content\/uploads\/2022\/06\/ZT_Casco-Hist\u00f3rico-de-la-Ciudad-de-CastroFoto-Polig-pdf.jpg","_links":{"self":[{"href":"https:\/\/www.radiochiloe.cl\/index.php?rest_route=\/wp\/v2\/posts\/89060"}],"collection":[{"href":"https:\/\/www.radiochiloe.cl\/index.php?rest_route=\/wp\/v2\/posts"}],"about":[{"href":"https:\/\/www.radiochiloe.cl\/index.php?rest_route=\/wp\/v2\/types\/post"}],"author":[{"embeddable":true,"href":"https:\/\/www.radiochiloe.cl\/index.php?rest_route=\/wp\/v2\/users\/9"}],"replies":[{"embeddable":true,"href":"https:\/\/www.radiochiloe.cl\/index.php?rest_route=%2Fwp%2Fv2%2Fcomments&post=89060"}],"version-history":[{"count":1,"href":"https:\/\/www.radiochiloe.cl\/index.php?rest_route=\/wp\/v2\/posts\/89060\/revisions"}],"predecessor-version":[{"id":89071,"href":"https:\/\/www.radiochiloe.cl\/index.php?rest_route=\/wp\/v2\/posts\/89060\/revisions\/89071"}],"wp:featuredmedia":[{"embeddable":true,"href":"https:\/\/www.radiochiloe.cl\/index.php?rest_route=\/wp\/v2\/media\/89070"}],"wp:attachment":[{"href":"https:\/\/www.radiochiloe.cl\/index.php?rest_route=%2Fwp%2Fv2%2Fmedia&parent=89060"}],"wp:term":[{"taxonomy":"category","embeddable":true,"href":"https:\/\/www.radiochiloe.cl\/index.php?rest_route=%2Fwp%2Fv2%2Fcategories&post=89060"},{"taxonomy":"post_tag","embeddable":true,"href":"https:\/\/www.radiochiloe.cl\/index.php?rest_route=%2Fwp%2Fv2%2Ftags&post=89060"}],"curies":[{"name":"wp","href":"https:\/\/api.w.org\/{rel}","templated":true}]}}