{"id":909,"date":"2012-06-13T16:37:15","date_gmt":"2012-06-13T20:37:15","guid":{"rendered":"http:\/\/www.radiochiloe.cl\/?p=909"},"modified":"2012-06-13T16:37:15","modified_gmt":"2012-06-13T20:37:15","slug":"intendente-montes-encabeza-lanzamiento-de-guia-practica-de-transparencia","status":"publish","type":"post","link":"https:\/\/www.radiochiloe.cl\/?p=909","title":{"rendered":"Intendente Montes encabeza lanzamiento de gu\u00eda pr\u00e1ctica de transparencia"},"content":{"rendered":"<p style=\"text-align: justify;\">Una gu\u00eda pr\u00e1ctica e ilustrada acerca de los alcances de la transparencia, lanz\u00f3 hoy en el Gobierno Regional de Los Lagos, el intendente Juan Sebasti\u00e1n Montes, quien junto a Jaime Bazan, director ejecutivo de Chile Transparente, se reuni\u00f3 con los funcionarios para explicar sus alcances pr\u00e1cticos para la instituci\u00f3n, con el objetivo de contribuir a la creaci\u00f3n de una cultura organizacional acorde a los requerimientos que exige la ley vigente.<\/p>\n<p style=\"text-align: justify;\">El jefe del Gobierno Regional explic\u00f3 que actualmente est\u00e1 en curso un proyecto de transparencia e integridad en el Gobierno Regional de Los Lagos, que se suscribi\u00f3 en diciembre de 2011 y que tiene vigencia hasta septiembre de este a\u00f1o, tiempo en que Chile Transparente ha elaborado esta gu\u00eda de transparencia institucional en formato de\u00a0c\u00f3mic\u00a0para los funcionarios del Gobierno Regional. Tambi\u00e9n han subido los cumplimientos de transparencia activa, as\u00ed como la creaci\u00f3n de un banner de buenas pr\u00e1cticas que complementa el de Gobierno Transparente, que incluye 63 est\u00e1ndares de informaci\u00f3n.<\/p>\n<p style=\"text-align: justify;\">Montes enfatiz\u00f3 que es muy importante el trabajo que se est\u00e1 realizando en materias de transparencia, ya que toda la ciudadan\u00eda tiene derecho a conocer todo lo que se est\u00e1 realizando en el aparato p\u00fablico, situaci\u00f3n que por a\u00f1adidura mejora la gesti\u00f3n de los funcionarios y los resultados previstos bajo cada administraci\u00f3n, puntualiz\u00f3 el intendente de Los Lagos.<\/p>\n<p style=\"text-align: justify;\">En materia pr\u00e1ctica, a trav\u00e9s de este proyecto realizado por Chile Transparente, se est\u00e1n realizando una serie de capacitaciones a los funcionarios del Gobierno Regional de Los Lagos, en materias de transparencia y probidad, profundizando en la implementaci\u00f3n de la Ley de Transparencia. Adem\u00e1s se est\u00e1 implementando el sistema de alerta temprana, el que est\u00e1 destinado a transparentar procesos a trav\u00e9s de indicadores en \u00e1reas como inversi\u00f3n regional y gastos de funcionamiento.<\/p>\n<p style=\"text-align: justify;\">Departamento de Prensa<\/p>\n","protected":false},"excerpt":{"rendered":"<p>Una gu\u00eda pr\u00e1ctica e ilustrada acerca de los alcances de la transparencia, lanz\u00f3 hoy en el Gobierno Regional de Los Lagos, el intendente Juan Sebasti\u00e1n Montes, quien junto a Jaime Bazan, director ejecutivo de Chile Transparente, se reuni\u00f3 con los funcionarios para explicar sus alcances pr\u00e1cticos para la instituci\u00f3n, con el objetivo de contribuir a [&hellip;]<\/p>\n","protected":false},"author":2,"featured_media":910,"comment_status":"open","ping_status":"open","sticky":false,"template":"","format":"standard","meta":[],"categories":[3],"tags":[5],"jetpack_featured_media_url":"https:\/\/www.radiochiloe.cl\/wp-content\/uploads\/2012\/06\/montestransparencia.jpg","_links":{"self":[{"href":"https:\/\/www.radiochiloe.cl\/index.php?rest_route=\/wp\/v2\/posts\/909"}],"collection":[{"href":"https:\/\/www.radiochiloe.cl\/index.php?rest_route=\/wp\/v2\/posts"}],"about":[{"href":"https:\/\/www.radiochiloe.cl\/index.php?rest_route=\/wp\/v2\/types\/post"}],"author":[{"embeddable":true,"href":"https:\/\/www.radiochiloe.cl\/index.php?rest_route=\/wp\/v2\/users\/2"}],"replies":[{"embeddable":true,"href":"https:\/\/www.radiochiloe.cl\/index.php?rest_route=%2Fwp%2Fv2%2Fcomments&post=909"}],"version-history":[{"count":3,"href":"https:\/\/www.radiochiloe.cl\/index.php?rest_route=\/wp\/v2\/posts\/909\/revisions"}],"predecessor-version":[{"id":913,"href":"https:\/\/www.radiochiloe.cl\/index.php?rest_route=\/wp\/v2\/posts\/909\/revisions\/913"}],"wp:featuredmedia":[{"embeddable":true,"href":"https:\/\/www.radiochiloe.cl\/index.php?rest_route=\/wp\/v2\/media\/910"}],"wp:attachment":[{"href":"https:\/\/www.radiochiloe.cl\/index.php?rest_route=%2Fwp%2Fv2%2Fmedia&parent=909"}],"wp:term":[{"taxonomy":"category","embeddable":true,"href":"https:\/\/www.radiochiloe.cl\/index.php?rest_route=%2Fwp%2Fv2%2Fcategories&post=909"},{"taxonomy":"post_tag","embeddable":true,"href":"https:\/\/www.radiochiloe.cl\/index.php?rest_route=%2Fwp%2Fv2%2Ftags&post=909"}],"curies":[{"name":"wp","href":"https:\/\/api.w.org\/{rel}","templated":true}]}}