{"id":91197,"date":"2022-09-10T13:28:20","date_gmt":"2022-09-10T17:28:20","guid":{"rendered":"https:\/\/www.radiochiloe.cl\/?p=91197"},"modified":"2022-09-10T13:28:20","modified_gmt":"2022-09-10T17:28:20","slug":"castro-reubicaran-en-lugar-definitivo-feria-de-las-pulgas","status":"publish","type":"post","link":"https:\/\/www.radiochiloe.cl\/?p=91197","title":{"rendered":"Castro: reubicar\u00e1n en lugar definitivo \u00abferia de las pulgas\u00bb."},"content":{"rendered":"<p style=\"text-align: justify;\">Felices se mostraron las dirigentes de los sindicatos de comerciantes agrupados en la conocida como \u201cferia de las pulgas\u201d que funciona en calle Intendente Garc\u00eda, sector alto de Castro, tras recibir la noticia por parte del Concejo Municipal de que ser\u00e1n reubicadas en un lugar definitivo y contar\u00e1n con toldos para guarecerse de las inclemencias del tiempo.<\/p>\n<p style=\"text-align: justify;\">Al respecto, M\u00f3nica Guenuman, presidenta del Sindicato Remando Juntos, dijo que esta fue una sorpresa y que en el mes de octubre comenzar\u00edan a funcionar en su nuevo lugar definitivo:<\/p>\n<!--[if lt IE 9]><script>document.createElement('audio');<\/script><![endif]-->\n<audio class=\"wp-audio-shortcode\" id=\"audio-91197-1\" preload=\"none\" style=\"width: 100%;\" controls=\"controls\"><source type=\"audio\/mpeg\" src=\"https:\/\/www.radiochiloe.cl\/wp-content\/uploads\/2022\/09\/Monica-Guenuman-08-de-Septiembre-2022.mp3?_=1\" \/><a href=\"https:\/\/www.radiochiloe.cl\/wp-content\/uploads\/2022\/09\/Monica-Guenuman-08-de-Septiembre-2022.mp3\">https:\/\/www.radiochiloe.cl\/wp-content\/uploads\/2022\/09\/Monica-Guenuman-08-de-Septiembre-2022.mp3<\/a><\/audio>\n<p style=\"text-align: justify;\">Por su parte, Ver\u00f3nica Zambrano, presidenta del Sindicato Fuerza Chilota dijo que lo que buscaban con su agrupaci\u00f3n era retirarse en forma digna, a un lugar con mejores condiciones:<\/p>\n<audio class=\"wp-audio-shortcode\" id=\"audio-91197-2\" preload=\"none\" style=\"width: 100%;\" controls=\"controls\"><source type=\"audio\/mpeg\" src=\"https:\/\/www.radiochiloe.cl\/wp-content\/uploads\/2022\/09\/Veronica-Zambtrano-08-de-Septiembre-2022.mp3?_=2\" \/><a href=\"https:\/\/www.radiochiloe.cl\/wp-content\/uploads\/2022\/09\/Veronica-Zambtrano-08-de-Septiembre-2022.mp3\">https:\/\/www.radiochiloe.cl\/wp-content\/uploads\/2022\/09\/Veronica-Zambtrano-08-de-Septiembre-2022.mp3<\/a><\/audio>\n<p style=\"text-align: justify;\">Finalmente, Rosa Vargas, presidenta del Sindicato Uni\u00f3n y Trabajo dijo que se van contentas con el apoyo recibido:<\/p>\n<audio class=\"wp-audio-shortcode\" id=\"audio-91197-3\" preload=\"none\" style=\"width: 100%;\" controls=\"controls\"><source type=\"audio\/mpeg\" src=\"https:\/\/www.radiochiloe.cl\/wp-content\/uploads\/2022\/09\/Rosa-Vargas-08-de-septiembre-2022.mp3?_=3\" \/><a href=\"https:\/\/www.radiochiloe.cl\/wp-content\/uploads\/2022\/09\/Rosa-Vargas-08-de-septiembre-2022.mp3\">https:\/\/www.radiochiloe.cl\/wp-content\/uploads\/2022\/09\/Rosa-Vargas-08-de-septiembre-2022.mp3<\/a><\/audio>\n<p style=\"text-align: justify;\">Los recursos que fueron aprobados por el Concejo Municipal, permitir\u00e1n la adquisici\u00f3n de toldos para protegerse de las condiciones clim\u00e1ticas y ser\u00e1n instalados en el nuevo recinto que albergar\u00e1 a la \u201cferia de las pulgas\u201d emplazado en la poblaci\u00f3n Ren\u00e9 Schneider, en donde los comerciantes contar\u00e1n con mejores condiciones para la venta de sus productos.<\/p>\n","protected":false},"excerpt":{"rendered":"<p>Felices se mostraron las dirigentes de los sindicatos de comerciantes agrupados en la conocida como \u201cferia de las pulgas\u201d que funciona en calle Intendente Garc\u00eda, sector alto de Castro, tras recibir la noticia por parte del Concejo Municipal de que ser\u00e1n reubicadas en un lugar definitivo y contar\u00e1n con toldos para guarecerse de las inclemencias [&hellip;]<\/p>\n","protected":false},"author":9,"featured_media":91201,"comment_status":"closed","ping_status":"closed","sticky":false,"template":"","format":"audio","meta":[],"categories":[3],"tags":[5],"jetpack_featured_media_url":"https:\/\/www.radiochiloe.cl\/wp-content\/uploads\/2022\/09\/WhatsApp-Image-2022-09-10-at-2.24.37-PM-e1662830800300.jpeg","_links":{"self":[{"href":"https:\/\/www.radiochiloe.cl\/index.php?rest_route=\/wp\/v2\/posts\/91197"}],"collection":[{"href":"https:\/\/www.radiochiloe.cl\/index.php?rest_route=\/wp\/v2\/posts"}],"about":[{"href":"https:\/\/www.radiochiloe.cl\/index.php?rest_route=\/wp\/v2\/types\/post"}],"author":[{"embeddable":true,"href":"https:\/\/www.radiochiloe.cl\/index.php?rest_route=\/wp\/v2\/users\/9"}],"replies":[{"embeddable":true,"href":"https:\/\/www.radiochiloe.cl\/index.php?rest_route=%2Fwp%2Fv2%2Fcomments&post=91197"}],"version-history":[{"count":2,"href":"https:\/\/www.radiochiloe.cl\/index.php?rest_route=\/wp\/v2\/posts\/91197\/revisions"}],"predecessor-version":[{"id":91203,"href":"https:\/\/www.radiochiloe.cl\/index.php?rest_route=\/wp\/v2\/posts\/91197\/revisions\/91203"}],"wp:featuredmedia":[{"embeddable":true,"href":"https:\/\/www.radiochiloe.cl\/index.php?rest_route=\/wp\/v2\/media\/91201"}],"wp:attachment":[{"href":"https:\/\/www.radiochiloe.cl\/index.php?rest_route=%2Fwp%2Fv2%2Fmedia&parent=91197"}],"wp:term":[{"taxonomy":"category","embeddable":true,"href":"https:\/\/www.radiochiloe.cl\/index.php?rest_route=%2Fwp%2Fv2%2Fcategories&post=91197"},{"taxonomy":"post_tag","embeddable":true,"href":"https:\/\/www.radiochiloe.cl\/index.php?rest_route=%2Fwp%2Fv2%2Ftags&post=91197"}],"curies":[{"name":"wp","href":"https:\/\/api.w.org\/{rel}","templated":true}]}}