{"id":96758,"date":"2026-01-26T14:40:20","date_gmt":"2026-01-26T17:40:20","guid":{"rendered":"https:\/\/www.radiochiloe.cl\/?p=96758"},"modified":"2026-01-26T14:40:20","modified_gmt":"2026-01-26T17:40:20","slug":"zarpa-la-regata-aramco-chiloe-140-millas-de-navegacion-para-celebrar-el-bicentenario","status":"publish","type":"post","link":"https:\/\/www.radiochiloe.cl\/?p=96758","title":{"rendered":"Zarpa la Regata Aramco Chilo\u00e9: 140 millas de navegaci\u00f3n para celebrar el Bicentenario."},"content":{"rendered":"<div class=\"xdj266r x14z9mp xat24cr x1lziwak x1vvkbs x126k92a\">\n<div dir=\"auto\" style=\"text-align: justify;\"><\/div>\n<\/div>\n<div class=\"x14z9mp xat24cr x1lziwak x1vvkbs xtlvy1s x126k92a\" style=\"text-align: justify;\">\n<div dir=\"auto\">Este domingo, las aguas del Archipi\u00e9lago de Chilo\u00e9 fueron testigo del emocionante lanzamiento de la Regata Aramco Chilo\u00e9. El evento, que se enmarca dentro de las celebraciones por el Bicentenario de Chilo\u00e9, reuni\u00f3 a la comunidad n\u00e1utica y local para dar inicio a una competencia que recorrer\u00e1 140 millas de los emblem\u00e1ticos canales y costas de la isla.<\/div>\n<div dir=\"auto\"><\/div>\n<\/div>\n<div class=\"x14z9mp xat24cr x1lziwak x1vvkbs xtlvy1s x126k92a\">\n<div dir=\"auto\" style=\"text-align: justify;\">En la ceremonia de inauguraci\u00f3n estuvo presente el Alcalde de Chonchi, Fernando Oyarz\u00fan Mac\u00edas junto al Gerente de B2B y log\u00edstica de Esmax, Andr\u00e9s Garay, quien junto a los organizadores dio la partida simb\u00f3lica a esta traves\u00eda.<\/div>\n<div dir=\"auto\"><\/div>\n<div dir=\"auto\" style=\"text-align: justify;\">La regata no solo promete ser un desaf\u00edo deportivo de primer nivel, sino tambi\u00e9n un hito dentro del calendario de festejos que conmemoran los 200 a\u00f1os de historia de Chilo\u00e9, atrayendo miradas hacia su riqueza cultural y tur\u00edstica.<\/div>\n<\/div>\n","protected":false},"excerpt":{"rendered":"<p>Este domingo, las aguas del Archipi\u00e9lago de Chilo\u00e9 fueron testigo del emocionante lanzamiento de la Regata Aramco Chilo\u00e9. El evento, que se enmarca dentro de las celebraciones por el Bicentenario de Chilo\u00e9, reuni\u00f3 a la comunidad n\u00e1utica y local para dar inicio a una competencia que recorrer\u00e1 140 millas de los emblem\u00e1ticos canales y costas [&hellip;]<\/p>\n","protected":false},"author":8,"featured_media":96761,"comment_status":"closed","ping_status":"closed","sticky":false,"template":"","format":"standard","meta":[],"categories":[1],"tags":[5],"jetpack_featured_media_url":"https:\/\/www.radiochiloe.cl\/wp-content\/uploads\/2026\/01\/regata.jpeg","_links":{"self":[{"href":"https:\/\/www.radiochiloe.cl\/index.php?rest_route=\/wp\/v2\/posts\/96758"}],"collection":[{"href":"https:\/\/www.radiochiloe.cl\/index.php?rest_route=\/wp\/v2\/posts"}],"about":[{"href":"https:\/\/www.radiochiloe.cl\/index.php?rest_route=\/wp\/v2\/types\/post"}],"author":[{"embeddable":true,"href":"https:\/\/www.radiochiloe.cl\/index.php?rest_route=\/wp\/v2\/users\/8"}],"replies":[{"embeddable":true,"href":"https:\/\/www.radiochiloe.cl\/index.php?rest_route=%2Fwp%2Fv2%2Fcomments&post=96758"}],"version-history":[{"count":1,"href":"https:\/\/www.radiochiloe.cl\/index.php?rest_route=\/wp\/v2\/posts\/96758\/revisions"}],"predecessor-version":[{"id":96762,"href":"https:\/\/www.radiochiloe.cl\/index.php?rest_route=\/wp\/v2\/posts\/96758\/revisions\/96762"}],"wp:featuredmedia":[{"embeddable":true,"href":"https:\/\/www.radiochiloe.cl\/index.php?rest_route=\/wp\/v2\/media\/96761"}],"wp:attachment":[{"href":"https:\/\/www.radiochiloe.cl\/index.php?rest_route=%2Fwp%2Fv2%2Fmedia&parent=96758"}],"wp:term":[{"taxonomy":"category","embeddable":true,"href":"https:\/\/www.radiochiloe.cl\/index.php?rest_route=%2Fwp%2Fv2%2Fcategories&post=96758"},{"taxonomy":"post_tag","embeddable":true,"href":"https:\/\/www.radiochiloe.cl\/index.php?rest_route=%2Fwp%2Fv2%2Ftags&post=96758"}],"curies":[{"name":"wp","href":"https:\/\/api.w.org\/{rel}","templated":true}]}}