{"id":96797,"date":"2026-03-04T15:14:49","date_gmt":"2026-03-04T18:14:49","guid":{"rendered":"https:\/\/www.radiochiloe.cl\/?p=96797"},"modified":"2026-03-04T15:14:49","modified_gmt":"2026-03-04T18:14:49","slug":"castro-municipio-realiza-operativo-para-erradicar-asentamiento-informal-en-ladera-de-sector-altos-de-gamboa","status":"publish","type":"post","link":"https:\/\/www.radiochiloe.cl\/?p=96797","title":{"rendered":"Castro: municipio realiza operativo para erradicar asentamiento informal en ladera de sector Altos de Gamboa."},"content":{"rendered":"<p>El pasado viernes 27 de febrero se realiz\u00f3 un operativo de erradicaci\u00f3n de una vivienda improvisada en una ladera del sector Altos de Gamboa.<\/p>\n<p>La acci\u00f3n fue efectuada por funcionarios de las direcciones de Seguridad P\u00fablica y Medio Ambiente, aseo y ornato (Dimao), quienes acudieron al sector tras una denuncia ciudadana.<\/p>\n<p>En el lugar, una persona en situaci\u00f3n de calle acumulaba ropa, basura, botellas y otras especies, adem\u00e1s de pernoctar algunas noches en un sector de alta afluencia de menores.<\/p>\n<p>Al respecto, Jos\u00e9 Pinochet Pereira, encargado de la Oficina de Operaciones de la Direcci\u00f3n de Seguridad P\u00fablica, indic\u00f3:<\/p>\n<!--[if lt IE 9]><script>document.createElement('audio');<\/script><![endif]-->\n<audio class=\"wp-audio-shortcode\" id=\"audio-96797-1\" preload=\"none\" style=\"width: 100%;\" controls=\"controls\"><source type=\"audio\/mpeg\" src=\"https:\/\/www.radiochiloe.cl\/wp-content\/uploads\/2026\/03\/Jose-Pinochet-por-erradicacion-gamboa-mp3cut.net_.mp3?_=1\" \/><a href=\"https:\/\/www.radiochiloe.cl\/wp-content\/uploads\/2026\/03\/Jose-Pinochet-por-erradicacion-gamboa-mp3cut.net_.mp3\">https:\/\/www.radiochiloe.cl\/wp-content\/uploads\/2026\/03\/Jose-Pinochet-por-erradicacion-gamboa-mp3cut.net_.mp3<\/a><\/audio>\n<p>En tanto, Sergio Aguilar, vecino de la tercera etapa de la Villa Alto de Gamboa, se\u00f1al\u00f3:<\/p>\n<audio class=\"wp-audio-shortcode\" id=\"audio-96797-2\" preload=\"none\" style=\"width: 100%;\" controls=\"controls\"><source type=\"audio\/mpeg\" src=\"https:\/\/www.radiochiloe.cl\/wp-content\/uploads\/2026\/03\/Vecino-Gamboa-1.mp3?_=2\" \/><a href=\"https:\/\/www.radiochiloe.cl\/wp-content\/uploads\/2026\/03\/Vecino-Gamboa-1.mp3\">https:\/\/www.radiochiloe.cl\/wp-content\/uploads\/2026\/03\/Vecino-Gamboa-1.mp3<\/a><\/audio>\n<p>En la misma l\u00ednea, Aguilar indic\u00f3 que \u201caqu\u00ed es un sector de juegos. Ah\u00ed est\u00e1 la cancha, ah\u00ed est\u00e1n los juegos de los ni\u00f1os y ac\u00e1 arriba en este sector crecen murras, entonces los ni\u00f1os hacen sus caminos ah\u00ed jugando y vienen a sacar murras y claro, se pueden encontrar con esta persona. Entonces para evitar cualquier situaci\u00f3n peligrosa, nosotros como vecinos nos reunimos e hicimos la denuncia correspondiente\u201d.<\/p>\n<p>&nbsp;<\/p>\n<p>&nbsp;<\/p>\n<p>Finalmente, desde el municipio se inform\u00f3 que todas las especies recogidas durante el operativo van a ser derivadas al vertedero para su destrucci\u00f3n.<\/p>\n","protected":false},"excerpt":{"rendered":"<p>El pasado viernes 27 de febrero se realiz\u00f3 un operativo de erradicaci\u00f3n de una vivienda improvisada en una ladera del sector Altos de Gamboa. La acci\u00f3n fue efectuada por funcionarios de las direcciones de Seguridad P\u00fablica y Medio Ambiente, aseo y ornato (Dimao), quienes acudieron al sector tras una denuncia ciudadana. En el lugar, una [&hellip;]<\/p>\n","protected":false},"author":9,"featured_media":96801,"comment_status":"closed","ping_status":"closed","sticky":false,"template":"","format":"audio","meta":[],"categories":[3],"tags":[5],"jetpack_featured_media_url":"https:\/\/www.radiochiloe.cl\/wp-content\/uploads\/2026\/03\/WhatsApp-Image-2026-03-02-at-8.22.57-AM-1-e1772647681434.jpeg","_links":{"self":[{"href":"https:\/\/www.radiochiloe.cl\/index.php?rest_route=\/wp\/v2\/posts\/96797"}],"collection":[{"href":"https:\/\/www.radiochiloe.cl\/index.php?rest_route=\/wp\/v2\/posts"}],"about":[{"href":"https:\/\/www.radiochiloe.cl\/index.php?rest_route=\/wp\/v2\/types\/post"}],"author":[{"embeddable":true,"href":"https:\/\/www.radiochiloe.cl\/index.php?rest_route=\/wp\/v2\/users\/9"}],"replies":[{"embeddable":true,"href":"https:\/\/www.radiochiloe.cl\/index.php?rest_route=%2Fwp%2Fv2%2Fcomments&post=96797"}],"version-history":[{"count":2,"href":"https:\/\/www.radiochiloe.cl\/index.php?rest_route=\/wp\/v2\/posts\/96797\/revisions"}],"predecessor-version":[{"id":96803,"href":"https:\/\/www.radiochiloe.cl\/index.php?rest_route=\/wp\/v2\/posts\/96797\/revisions\/96803"}],"wp:featuredmedia":[{"embeddable":true,"href":"https:\/\/www.radiochiloe.cl\/index.php?rest_route=\/wp\/v2\/media\/96801"}],"wp:attachment":[{"href":"https:\/\/www.radiochiloe.cl\/index.php?rest_route=%2Fwp%2Fv2%2Fmedia&parent=96797"}],"wp:term":[{"taxonomy":"category","embeddable":true,"href":"https:\/\/www.radiochiloe.cl\/index.php?rest_route=%2Fwp%2Fv2%2Fcategories&post=96797"},{"taxonomy":"post_tag","embeddable":true,"href":"https:\/\/www.radiochiloe.cl\/index.php?rest_route=%2Fwp%2Fv2%2Ftags&post=96797"}],"curies":[{"name":"wp","href":"https:\/\/api.w.org\/{rel}","templated":true}]}}