{"id":96816,"date":"2026-03-10T12:05:22","date_gmt":"2026-03-10T15:05:22","guid":{"rendered":"https:\/\/www.radiochiloe.cl\/?p=96816"},"modified":"2026-03-10T12:05:22","modified_gmt":"2026-03-10T15:05:22","slug":"castro-supervisan-avance-de-nueva-plaza-parque-en-poblacion-ines-de-bazan","status":"publish","type":"post","link":"https:\/\/www.radiochiloe.cl\/?p=96816","title":{"rendered":"Castro: Supervisan avance de nueva plaza &#8211; parque en Poblaci\u00f3n In\u00e9s de Baz\u00e1n."},"content":{"rendered":"<p>Con el objetivo de fiscalizar los plazos y la calidad de los trabajos, el alcalde, Baltazar Elgueta Cheuquepil y dirigentes sociales del sector, visitaron las obras de la esperada plaza &#8211; parque en Poblaci\u00f3n In\u00e9s de Baz\u00e1n.<\/p>\n<p>El proyecto, largamente anhelado por la comunidad, busca transformar un espacio p\u00fablico clave en un lugar seguro, moderno y familiar, fortaleciendo la seguridad comunitaria en el sector.<\/p>\n<p>La visita tambi\u00e9n cont\u00f3 con la presencia del administrador municipal, Alex Lloyd Jones y profesionales de la Secretar\u00eda Comunal de Planificaci\u00f3n (Secplan), quienes detallaron los aspectos t\u00e9cnicos de la obra y tomaron registro de la opini\u00f3n de los vecinos<\/p>\n<p>La m\u00e1xima autoridad comunal se mostr\u00f3 complacido por los avances:<\/p>\n<!--[if lt IE 9]><script>document.createElement('audio');<\/script><![endif]-->\n<audio class=\"wp-audio-shortcode\" id=\"audio-96816-1\" preload=\"none\" style=\"width: 100%;\" controls=\"controls\"><source type=\"audio\/mpeg\" src=\"https:\/\/www.radiochiloe.cl\/wp-content\/uploads\/2026\/03\/Alcalde-1.mp3?_=1\" \/><a href=\"https:\/\/www.radiochiloe.cl\/wp-content\/uploads\/2026\/03\/Alcalde-1.mp3\">https:\/\/www.radiochiloe.cl\/wp-content\/uploads\/2026\/03\/Alcalde-1.mp3<\/a><\/audio>\n<p>Por su parte, los dirigentes sociales expresaron su satisfacci\u00f3n por la visita, destacando la importancia de la colaboraci\u00f3n entre la municipalidad y la comunidad para el \u00e9xito de la obra, la cual forma parte de un esfuerzo mayor por renovar la infraestructura barrial en Castro.<\/p>\n<p>Jessica Alvarado, presidenta de la junta de vecinos de la Poblaci\u00f3n In\u00e9s de Baz\u00e1n, se mostr\u00f3 feliz con el avance y la pronta inauguraci\u00f3n:<\/p>\n<audio class=\"wp-audio-shortcode\" id=\"audio-96816-2\" preload=\"none\" style=\"width: 100%;\" controls=\"controls\"><source type=\"audio\/mpeg\" src=\"https:\/\/www.radiochiloe.cl\/wp-content\/uploads\/2026\/03\/Jessica-Alvarado-Presidenta-JJVV-Ines-de-Bazan.mp3?_=2\" \/><a href=\"https:\/\/www.radiochiloe.cl\/wp-content\/uploads\/2026\/03\/Jessica-Alvarado-Presidenta-JJVV-Ines-de-Bazan.mp3\">https:\/\/www.radiochiloe.cl\/wp-content\/uploads\/2026\/03\/Jessica-Alvarado-Presidenta-JJVV-Ines-de-Bazan.mp3<\/a><\/audio>\n<p>Por su parte, Mar\u00eda Fr\u00edas, tesorera de la misma junta de vecinos, indic\u00f3:<\/p>\n<audio class=\"wp-audio-shortcode\" id=\"audio-96816-3\" preload=\"none\" style=\"width: 100%;\" controls=\"controls\"><source type=\"audio\/mpeg\" src=\"https:\/\/www.radiochiloe.cl\/wp-content\/uploads\/2026\/03\/Maria-Frias-Tesorera-JJVV-Ines-de-Bazan.mp3?_=3\" \/><a href=\"https:\/\/www.radiochiloe.cl\/wp-content\/uploads\/2026\/03\/Maria-Frias-Tesorera-JJVV-Ines-de-Bazan.mp3\">https:\/\/www.radiochiloe.cl\/wp-content\/uploads\/2026\/03\/Maria-Frias-Tesorera-JJVV-Ines-de-Bazan.mp3<\/a><\/audio>\n<p>Esta iniciativa se suma a otras acciones de seguridad comunitaria y recuperaci\u00f3n de espacios p\u00fablicos, buscando mejorar el entorno y la calidad de vida de todos los habitantes de la comuna.<\/p>\n","protected":false},"excerpt":{"rendered":"<p>Con el objetivo de fiscalizar los plazos y la calidad de los trabajos, el alcalde, Baltazar Elgueta Cheuquepil y dirigentes sociales del sector, visitaron las obras de la esperada plaza &#8211; parque en Poblaci\u00f3n In\u00e9s de Baz\u00e1n. El proyecto, largamente anhelado por la comunidad, busca transformar un espacio p\u00fablico clave en un lugar seguro, moderno [&hellip;]<\/p>\n","protected":false},"author":9,"featured_media":96820,"comment_status":"closed","ping_status":"closed","sticky":false,"template":"","format":"audio","meta":[],"categories":[3],"tags":[5],"jetpack_featured_media_url":"https:\/\/www.radiochiloe.cl\/wp-content\/uploads\/2026\/03\/IMG-20260305-WA0022-e1773154990803.jpg","_links":{"self":[{"href":"https:\/\/www.radiochiloe.cl\/index.php?rest_route=\/wp\/v2\/posts\/96816"}],"collection":[{"href":"https:\/\/www.radiochiloe.cl\/index.php?rest_route=\/wp\/v2\/posts"}],"about":[{"href":"https:\/\/www.radiochiloe.cl\/index.php?rest_route=\/wp\/v2\/types\/post"}],"author":[{"embeddable":true,"href":"https:\/\/www.radiochiloe.cl\/index.php?rest_route=\/wp\/v2\/users\/9"}],"replies":[{"embeddable":true,"href":"https:\/\/www.radiochiloe.cl\/index.php?rest_route=%2Fwp%2Fv2%2Fcomments&post=96816"}],"version-history":[{"count":1,"href":"https:\/\/www.radiochiloe.cl\/index.php?rest_route=\/wp\/v2\/posts\/96816\/revisions"}],"predecessor-version":[{"id":96821,"href":"https:\/\/www.radiochiloe.cl\/index.php?rest_route=\/wp\/v2\/posts\/96816\/revisions\/96821"}],"wp:featuredmedia":[{"embeddable":true,"href":"https:\/\/www.radiochiloe.cl\/index.php?rest_route=\/wp\/v2\/media\/96820"}],"wp:attachment":[{"href":"https:\/\/www.radiochiloe.cl\/index.php?rest_route=%2Fwp%2Fv2%2Fmedia&parent=96816"}],"wp:term":[{"taxonomy":"category","embeddable":true,"href":"https:\/\/www.radiochiloe.cl\/index.php?rest_route=%2Fwp%2Fv2%2Fcategories&post=96816"},{"taxonomy":"post_tag","embeddable":true,"href":"https:\/\/www.radiochiloe.cl\/index.php?rest_route=%2Fwp%2Fv2%2Ftags&post=96816"}],"curies":[{"name":"wp","href":"https:\/\/api.w.org\/{rel}","templated":true}]}}