{"id":96845,"date":"2026-03-25T14:11:10","date_gmt":"2026-03-25T17:11:10","guid":{"rendered":"https:\/\/www.radiochiloe.cl\/?p=96845"},"modified":"2026-03-25T14:11:10","modified_gmt":"2026-03-25T17:11:10","slug":"salmonchile-inicia-su-participacion-en-aquasur-2026-con-agenda-enfocada-en-innovacion-y-sostenibilidad","status":"publish","type":"post","link":"https:\/\/www.radiochiloe.cl\/?p=96845","title":{"rendered":"SalmonChile inicia su participaci\u00f3n en Aquasur 2026 con agenda enfocada en innovaci\u00f3n y sostenibilidad."},"content":{"rendered":"<p style=\"text-align: justify;\">SalmonChile, la asociaci\u00f3n gremial que representa a las principales empresas productoras y proveedoras del sector salmonicultor nacional, dio inicio a su participaci\u00f3n en AquaSur 2026, uno de los eventos acu\u00edcolas m\u00e1s relevantes del hemisferio sur, con una completa agenda de actividades que refuerzan el compromiso del sector productivo con la innovaci\u00f3n, la sostenibilidad y la inclusi\u00f3n.<\/p>\n<p style=\"text-align: justify;\">La feria, que se extender\u00e1 hasta el 26 de marzo en Puerto Varas, re\u00fane a m\u00e1s de 500 empresas nacionales e internacionales, consolidando a la Regi\u00f3n de Los Lagos como epicentro global del desarrollo acu\u00edcola y posicionando a Chile como actor estrat\u00e9gico en la producci\u00f3n de prote\u00ednas acu\u00e1ticas a nivel mundial. La ceremonia de inauguraci\u00f3n estuvo marcada por la presencia del Presidente de la Rep\u00fablica, Jos\u00e9 Antonio Kast, junto a otras altas autoridades del pa\u00eds.<\/p>\n<p style=\"text-align: justify;\">\u201cNuestra participaci\u00f3n en AquaSur 2026 representa una oportunidad inmejorable para mostrar los avances de la salmonicultura chilena en materia de sostenibilidad, tecnolog\u00eda e innovaci\u00f3n. Recibimos con optimismo la presencia del Presidente Kast en esta feria; su asistencia es una se\u00f1al clara del respaldo estrat\u00e9gico a nuestro sector y nos motiva a seguir impulsando una agenda que propicie el di\u00e1logo entre todos los actores de la cadena de valor, asegurando as\u00ed el desarrollo futuro del sector productivo\u201d, se\u00f1al\u00f3 Patricio Melero, presidente de SalmonChile.<\/p>\n<p style=\"text-align: justify;\">Las actividades de SalmonChile para este martes 24 de marzo comenzaron con la inauguraci\u00f3n oficial de su stand, espacio donde los asistentes pudieron conocer los principales proyectos y avances de la asociaci\u00f3n y sus empresas socias.<\/p>\n<p style=\"text-align: justify;\">Durante la tarde, SalmonChile realiz\u00f3 en conjunto con WICA (Women in Chilean Aquaculture) la mesa redonda \u00abWomen in Aquaculture\u00bb, instancia que abord\u00f3 el creciente rol de las mujeres en el sector productivo y los desaf\u00edos para promover mayor equidad en la actividad.<\/p>\n<p style=\"text-align: justify;\">\u201cEl talento femenino es fundamental para el desarrollo sostenible del sector. Esta mesa redonda es una oportunidad para visibilizar la contribuci\u00f3n de las mujeres y generar estrategias concretas para aumentar su participaci\u00f3n en todos los niveles de la cadena productiva\u201d, coment\u00f3 Marcela Bravo, gerente de Estudios y Proyectos de SalmonChile.<\/p>\n<p style=\"text-align: justify;\">Asimismo, SalmonChile tambi\u00e9n se hizo presente en la sesi\u00f3n del Plan Salm\u00f3n 2050 a trav\u00e9s de su gerente general, Tom\u00e1s Monge, en una instancia que cont\u00f3 con la presencia del expresidente Eduardo Frei Ruiz-Tagle. Luego, en el panel \u201cDesaf\u00edos regulatorios para el crecimiento sostenible de la acuicultura\u201d, la asociaci\u00f3n gremial fue representada por su asesora jur\u00eddica, Maria Alicia Baltierra.<\/p>\n<p style=\"text-align: justify;\">Posteriormente, se llev\u00f3 a cabo la exposici\u00f3n \u00abApoyando la toma de decisiones\u00bb, a cargo del Servicio Aerofotogram\u00e9trico de la FACh, donde se presentaron las m\u00e1s recientes aplicaciones de esta tecnolog\u00eda para la optimizaci\u00f3n de procesos productivos y monitoreo ambiental en la salmonicultura.<\/p>\n<p style=\"text-align: justify;\">El XIII Congreso Internacional de AquaSur abordar\u00e1 durante los pr\u00f3ximos d\u00edas temas cruciales para la acuicultura chilena como desaf\u00edos regulatorios, sostenibilidad, innovaci\u00f3n tecnol\u00f3gica y mercados internacionales, con la participaci\u00f3n de expertos de pa\u00edses referentes como Noruega y Dinamarca.<\/p>\n<p style=\"text-align: justify;\">SalmonChile reitera su invitaci\u00f3n a todos los asistentes a AquaSur 2026 a visitar su stand ubicado en el Recinto Aquasur y participar en las actividades programadas durante los tres d\u00edas de la feria.<\/p>\n","protected":false},"excerpt":{"rendered":"<p>SalmonChile, la asociaci\u00f3n gremial que representa a las principales empresas productoras y proveedoras del sector salmonicultor nacional, dio inicio a su participaci\u00f3n en AquaSur 2026, uno de los eventos acu\u00edcolas m\u00e1s relevantes del hemisferio sur, con una completa agenda de actividades que refuerzan el compromiso del sector productivo con la innovaci\u00f3n, la sostenibilidad y la [&hellip;]<\/p>\n","protected":false},"author":9,"featured_media":96850,"comment_status":"closed","ping_status":"closed","sticky":false,"template":"","format":"standard","meta":[],"categories":[3],"tags":[5],"jetpack_featured_media_url":"https:\/\/www.radiochiloe.cl\/wp-content\/uploads\/2026\/03\/Aquasur-SalmonChile-1.jpeg","_links":{"self":[{"href":"https:\/\/www.radiochiloe.cl\/index.php?rest_route=\/wp\/v2\/posts\/96845"}],"collection":[{"href":"https:\/\/www.radiochiloe.cl\/index.php?rest_route=\/wp\/v2\/posts"}],"about":[{"href":"https:\/\/www.radiochiloe.cl\/index.php?rest_route=\/wp\/v2\/types\/post"}],"author":[{"embeddable":true,"href":"https:\/\/www.radiochiloe.cl\/index.php?rest_route=\/wp\/v2\/users\/9"}],"replies":[{"embeddable":true,"href":"https:\/\/www.radiochiloe.cl\/index.php?rest_route=%2Fwp%2Fv2%2Fcomments&post=96845"}],"version-history":[{"count":2,"href":"https:\/\/www.radiochiloe.cl\/index.php?rest_route=\/wp\/v2\/posts\/96845\/revisions"}],"predecessor-version":[{"id":96849,"href":"https:\/\/www.radiochiloe.cl\/index.php?rest_route=\/wp\/v2\/posts\/96845\/revisions\/96849"}],"wp:featuredmedia":[{"embeddable":true,"href":"https:\/\/www.radiochiloe.cl\/index.php?rest_route=\/wp\/v2\/media\/96850"}],"wp:attachment":[{"href":"https:\/\/www.radiochiloe.cl\/index.php?rest_route=%2Fwp%2Fv2%2Fmedia&parent=96845"}],"wp:term":[{"taxonomy":"category","embeddable":true,"href":"https:\/\/www.radiochiloe.cl\/index.php?rest_route=%2Fwp%2Fv2%2Fcategories&post=96845"},{"taxonomy":"post_tag","embeddable":true,"href":"https:\/\/www.radiochiloe.cl\/index.php?rest_route=%2Fwp%2Fv2%2Ftags&post=96845"}],"curies":[{"name":"wp","href":"https:\/\/api.w.org\/{rel}","templated":true}]}}