{"id":96851,"date":"2026-03-25T19:07:38","date_gmt":"2026-03-25T22:07:38","guid":{"rendered":"https:\/\/www.radiochiloe.cl\/?p=96851"},"modified":"2026-03-25T19:07:38","modified_gmt":"2026-03-25T22:07:38","slug":"castro-festival-isla-de-hongos-abre-la-temporada-otonal-en-chiloe-con-amplia-programacion","status":"publish","type":"post","link":"https:\/\/www.radiochiloe.cl\/?p=96851","title":{"rendered":"Castro: Festival Isla de Hongos abre la temporada oto\u00f1al en Chilo\u00e9 con amplia programaci\u00f3n."},"content":{"rendered":"<p style=\"text-align: justify;\">Con una completa cartelera de actividades abiertas a la comunidad, los d\u00edas viernes 3, s\u00e1bado 4 y domingo 5 de abril se desarrollar\u00e1 en\u00a0<span class=\"il\">Castro<\/span>\u00a0la tercera versi\u00f3n del Festival Isla de Hongos, evento que marca el inicio de la temporada fungi en Chile y que, a\u00f1o a a\u00f1o, concita mayor inter\u00e9s de p\u00fablico local y visitantes.<\/p>\n<p style=\"text-align: justify;\">La iniciativa re\u00fane a instituciones p\u00fablicas y privadas, contando con el apoyo de la\u00a0<span class=\"il\">Municipalidad de Castro<\/span>\u00a0a trav\u00e9s de su Oficina de Turismo, fortaleciendo as\u00ed la promoci\u00f3n del territorio y sus atractivos naturales en temporada baja.<\/p>\n<p style=\"text-align: justify;\">El festival contempla una feria con m\u00e1s de 60 expositores, 18 charlas gratuitas de especialistas nacionales e internacionales, m\u00e1s de 20 salidas a terreno guiadas y 16 talleres educativos y art\u00edsticos para todas las edades.<\/p>\n<p style=\"text-align: justify;\">Uno de los hitos de esta edici\u00f3n ser\u00e1 la implementaci\u00f3n de la primera Ruta de los Fungi-Parques, que integrar\u00e1 m\u00e1s de 16 \u00e1reas protegidas de la provincia, promoviendo la educaci\u00f3n ambiental y el acceso a experiencias en la naturaleza.<\/p>\n<p style=\"text-align: justify;\">Al respecto, Dami\u00e1n Vald\u00e9s, encargado de Comunidad y Extensi\u00f3n de Fundaci\u00f3n Parque Tantauco, destac\u00f3:<\/p>\n<!--[if lt IE 9]><script>document.createElement('audio');<\/script><![endif]-->\n<audio class=\"wp-audio-shortcode\" id=\"audio-96851-1\" preload=\"none\" style=\"width: 100%;\" controls=\"controls\"><source type=\"audio\/mpeg\" src=\"https:\/\/www.radiochiloe.cl\/wp-content\/uploads\/2026\/03\/CUNA-DAMIAN-VALDES-ISLA-DE-HONGOS.mp3?_=1\" \/><a href=\"https:\/\/www.radiochiloe.cl\/wp-content\/uploads\/2026\/03\/CUNA-DAMIAN-VALDES-ISLA-DE-HONGOS.mp3\">https:\/\/www.radiochiloe.cl\/wp-content\/uploads\/2026\/03\/CUNA-DAMIAN-VALDES-ISLA-DE-HONGOS.mp3<\/a><\/audio>\n<p style=\"text-align: justify;\">Por su parte, H\u00e9ctor Carip\u00e1n, encargado de la Oficina de Turismo de la\u00a0<span class=\"il\">Municipalidad de Castro<\/span>, valor\u00f3 el impacto del evento en el desarrollo local:<\/p>\n<audio class=\"wp-audio-shortcode\" id=\"audio-96851-2\" preload=\"none\" style=\"width: 100%;\" controls=\"controls\"><source type=\"audio\/mpeg\" src=\"https:\/\/www.radiochiloe.cl\/wp-content\/uploads\/2026\/03\/CUNA-HECTOR-CARIPAN-ISLAS-DE-HONGOS.mp3?_=2\" \/><a href=\"https:\/\/www.radiochiloe.cl\/wp-content\/uploads\/2026\/03\/CUNA-HECTOR-CARIPAN-ISLAS-DE-HONGOS.mp3\">https:\/\/www.radiochiloe.cl\/wp-content\/uploads\/2026\/03\/CUNA-HECTOR-CARIPAN-ISLAS-DE-HONGOS.mp3<\/a><\/audio>\n<p style=\"text-align: justify;\">Adem\u00e1s, la programaci\u00f3n se vincula con la Ruta de las Iglesias Patrimoniales en el contexto de Semana Santa, ampliando la oferta tur\u00edstica y cultural de la comuna durante este periodo. La feria se realizar\u00e1 en el Gimnasio del Liceo Galvarino Riveros, con entrada liberada y una variada oferta de emprendimientos, gastronom\u00eda, artesan\u00eda y actividades familiares.<\/p>\n<p style=\"text-align: justify;\">El Festival Isla de Hongos se consolida como un espacio que pone en valor el patrimonio natural de Chilo\u00e9, promoviendo el fungiturismo y diversificando la oferta tur\u00edstica del territorio. Para m\u00e1s informaci\u00f3n sobre programaci\u00f3n, horarios e inscripciones, se invita a revisar las redes sociales del evento: Instagram @festivalisladehongos2026, @hongosdechiloe y @parque_tantauco.<\/p>\n","protected":false},"excerpt":{"rendered":"<p>Con una completa cartelera de actividades abiertas a la comunidad, los d\u00edas viernes 3, s\u00e1bado 4 y domingo 5 de abril se desarrollar\u00e1 en\u00a0Castro\u00a0la tercera versi\u00f3n del Festival Isla de Hongos, evento que marca el inicio de la temporada fungi en Chile y que, a\u00f1o a a\u00f1o, concita mayor inter\u00e9s de p\u00fablico local y visitantes. [&hellip;]<\/p>\n","protected":false},"author":9,"featured_media":96854,"comment_status":"closed","ping_status":"closed","sticky":false,"template":"","format":"audio","meta":[],"categories":[3],"tags":[5],"jetpack_featured_media_url":"https:\/\/www.radiochiloe.cl\/wp-content\/uploads\/2026\/03\/2-ARCHIVO-2024-ISLA-DE-HONGOS-e1774476396813.jpg","_links":{"self":[{"href":"https:\/\/www.radiochiloe.cl\/index.php?rest_route=\/wp\/v2\/posts\/96851"}],"collection":[{"href":"https:\/\/www.radiochiloe.cl\/index.php?rest_route=\/wp\/v2\/posts"}],"about":[{"href":"https:\/\/www.radiochiloe.cl\/index.php?rest_route=\/wp\/v2\/types\/post"}],"author":[{"embeddable":true,"href":"https:\/\/www.radiochiloe.cl\/index.php?rest_route=\/wp\/v2\/users\/9"}],"replies":[{"embeddable":true,"href":"https:\/\/www.radiochiloe.cl\/index.php?rest_route=%2Fwp%2Fv2%2Fcomments&post=96851"}],"version-history":[{"count":1,"href":"https:\/\/www.radiochiloe.cl\/index.php?rest_route=\/wp\/v2\/posts\/96851\/revisions"}],"predecessor-version":[{"id":96855,"href":"https:\/\/www.radiochiloe.cl\/index.php?rest_route=\/wp\/v2\/posts\/96851\/revisions\/96855"}],"wp:featuredmedia":[{"embeddable":true,"href":"https:\/\/www.radiochiloe.cl\/index.php?rest_route=\/wp\/v2\/media\/96854"}],"wp:attachment":[{"href":"https:\/\/www.radiochiloe.cl\/index.php?rest_route=%2Fwp%2Fv2%2Fmedia&parent=96851"}],"wp:term":[{"taxonomy":"category","embeddable":true,"href":"https:\/\/www.radiochiloe.cl\/index.php?rest_route=%2Fwp%2Fv2%2Fcategories&post=96851"},{"taxonomy":"post_tag","embeddable":true,"href":"https:\/\/www.radiochiloe.cl\/index.php?rest_route=%2Fwp%2Fv2%2Ftags&post=96851"}],"curies":[{"name":"wp","href":"https:\/\/api.w.org\/{rel}","templated":true}]}}